{"id":202,"date":"2013-07-25T07:54:36","date_gmt":"2013-07-25T05:54:36","guid":{"rendered":"https:\/\/ifmvorientering.wordpress.com\/?p=202"},"modified":"2015-10-11T14:11:56","modified_gmt":"2015-10-11T12:11:56","slug":"storklintens-arena","status":"publish","type":"post","link":"https:\/\/www.ifmarinvast.se\/orientering\/storklintens-arena\/","title":{"rendered":"Storklintens Arena"},"content":{"rendered":"<p>Idag, torsdag, \u00e5ker vi \u00e5terigen buss mot Storklintens arena. Vi hade en mycket fin dag ig\u00e5r p\u00e5 samma TC, d\u00e4r n\u00e5gra av oss fick springa i skidbackarna och under liftarna. <\/p>\n<p>Idag \u00e4r det medeldistans, dvs kortare banor, fler kontroller och mer finorientering.<\/p>\n<p><a href=\"http:\/\/ifmvorientering.files.wordpress.com\/2013\/07\/20130725-075011.jpg\"><img decoding=\"async\" src=\"http:\/\/ifmvorientering.files.wordpress.com\/2013\/07\/20130725-075011.jpg\" alt=\"20130725-075011.jpg\" class=\"alignnone size-full\" \/><\/a><\/p>\n<p>Det \u00e4r mycket folk som ska \u00e5ka buss och det bygger snabbt p\u00e5. Bussf\u00f6rbindelsen fr\u00e5n C-orten till arenan \u00e4r mycket bra och m\u00e5nga v\u00e4ljer att st\u00e4lla bilen idag och ta buss hela v\u00e4gen ist\u00e4llet.<br \/>\n<img decoding=\"async\" title=\"DSC_0259.JPG\" class=\"alignnone\" alt=\"image\" src=\"http:\/\/ifmvorientering.files.wordpress.com\/2013\/07\/wpid-dsc_0259.jpg\" \/><\/p>\n","protected":false},"excerpt":{"rendered":"<p>Idag, torsdag, \u00e5ker vi \u00e5terigen buss mot Storklintens arena. Vi hade en mycket fin dag ig\u00e5r p\u00e5 samma TC, d\u00e4r n\u00e5gra av oss fick springa i skidbackarna och under liftarna. [&hellip;]<\/p>\n","protected":false},"author":2,"featured_media":0,"comment_status":"open","ping_status":"open","sticky":false,"template":"","format":"standard","meta":{"footnotes":""},"categories":[263],"tags":[45,65,73,117,146,268,212],"class_list":["post-202","post","type-post","status-publish","format-standard","hentry","category-bloggen","tag-buss","tag-e4","tag-falla","tag-ko","tag-medeldistans","tag-o-ringen-boden-2013","tag-storklinten"],"_links":{"self":[{"href":"https:\/\/www.ifmarinvast.se\/orientering\/wp-json\/wp\/v2\/posts\/202","targetHints":{"allow":["GET"]}}],"collection":[{"href":"https:\/\/www.ifmarinvast.se\/orientering\/wp-json\/wp\/v2\/posts"}],"about":[{"href":"https:\/\/www.ifmarinvast.se\/orientering\/wp-json\/wp\/v2\/types\/post"}],"author":[{"embeddable":true,"href":"https:\/\/www.ifmarinvast.se\/orientering\/wp-json\/wp\/v2\/users\/2"}],"replies":[{"embeddable":true,"href":"https:\/\/www.ifmarinvast.se\/orientering\/wp-json\/wp\/v2\/comments?post=202"}],"version-history":[{"count":1,"href":"https:\/\/www.ifmarinvast.se\/orientering\/wp-json\/wp\/v2\/posts\/202\/revisions"}],"predecessor-version":[{"id":2964,"href":"https:\/\/www.ifmarinvast.se\/orientering\/wp-json\/wp\/v2\/posts\/202\/revisions\/2964"}],"wp:attachment":[{"href":"https:\/\/www.ifmarinvast.se\/orientering\/wp-json\/wp\/v2\/media?parent=202"}],"wp:term":[{"taxonomy":"category","embeddable":true,"href":"https:\/\/www.ifmarinvast.se\/orientering\/wp-json\/wp\/v2\/categories?post=202"},{"taxonomy":"post_tag","embeddable":true,"href":"https:\/\/www.ifmarinvast.se\/orientering\/wp-json\/wp\/v2\/tags?post=202"}],"curies":[{"name":"wp","href":"https:\/\/api.w.org\/{rel}","templated":true}]}}