{"id":160,"date":"2000-10-17T00:00:00","date_gmt":"2000-10-16T22:00:00","guid":{"rendered":"http:\/\/ifmarinvast.se\/2016\/nya-innetraningar\/"},"modified":"2015-10-11T14:48:19","modified_gmt":"2015-10-11T12:48:19","slug":"nya-innetraningar","status":"publish","type":"post","link":"https:\/\/www.ifmarinvast.se\/orientering\/nya-innetraningar\/","title":{"rendered":"Nya Innetr\u00e4ningar!"},"content":{"rendered":"<p>Vi har f\u00e5tt vinterns f\u00f6rsta tider f\u00f6r Innetr\u00e4ning. S\u00f6ndag den 5 november b\u00f6rjar vi i P\u00e5velunds Tennishall. <a href='http:\/\/www.ifmv.nu\/aktuellt\/innetraning.asp'>L\u00e4s mer<\/a>.<\/p>\n","protected":false},"excerpt":{"rendered":"<p>Vi har f\u00e5tt vinterns f\u00f6rsta tider f\u00f6r Innetr\u00e4ning. S\u00f6ndag den 5 november b\u00f6rjar vi i P\u00e5velunds Tennishall. L\u00e4s mer.<\/p>\n","protected":false},"author":2,"featured_media":0,"comment_status":"open","ping_status":"open","sticky":false,"template":"","format":"standard","meta":{"footnotes":""},"categories":[262,1],"tags":[],"class_list":["post-160","post","type-post","status-publish","format-standard","hentry","category-nyheter","category-okategoriserade"],"_links":{"self":[{"href":"https:\/\/www.ifmarinvast.se\/orientering\/wp-json\/wp\/v2\/posts\/160","targetHints":{"allow":["GET"]}}],"collection":[{"href":"https:\/\/www.ifmarinvast.se\/orientering\/wp-json\/wp\/v2\/posts"}],"about":[{"href":"https:\/\/www.ifmarinvast.se\/orientering\/wp-json\/wp\/v2\/types\/post"}],"author":[{"embeddable":true,"href":"https:\/\/www.ifmarinvast.se\/orientering\/wp-json\/wp\/v2\/users\/2"}],"replies":[{"embeddable":true,"href":"https:\/\/www.ifmarinvast.se\/orientering\/wp-json\/wp\/v2\/comments?post=160"}],"version-history":[{"count":2,"href":"https:\/\/www.ifmarinvast.se\/orientering\/wp-json\/wp\/v2\/posts\/160\/revisions"}],"predecessor-version":[{"id":1561,"href":"https:\/\/www.ifmarinvast.se\/orientering\/wp-json\/wp\/v2\/posts\/160\/revisions\/1561"}],"wp:attachment":[{"href":"https:\/\/www.ifmarinvast.se\/orientering\/wp-json\/wp\/v2\/media?parent=160"}],"wp:term":[{"taxonomy":"category","embeddable":true,"href":"https:\/\/www.ifmarinvast.se\/orientering\/wp-json\/wp\/v2\/categories?post=160"},{"taxonomy":"post_tag","embeddable":true,"href":"https:\/\/www.ifmarinvast.se\/orientering\/wp-json\/wp\/v2\/tags?post=160"}],"curies":[{"name":"wp","href":"https:\/\/api.w.org\/{rel}","templated":true}]}}