{"id":150,"date":"2013-07-22T11:11:23","date_gmt":"2013-07-22T09:11:23","guid":{"rendered":"https:\/\/ifmvorientering.wordpress.com\/?p=150"},"modified":"2015-10-11T14:12:10","modified_gmt":"2015-10-11T12:12:10","slug":"pa-vag-till-e2","status":"publish","type":"post","link":"https:\/\/www.ifmarinvast.se\/orientering\/pa-vag-till-e2\/","title":{"rendered":"P\u00e5 v\u00e4g till E2"},"content":{"rendered":"<p>\u00c4nnu en str\u00e5lande dag i Boden! Eftersom det \u00e4r samma TC etapp 1 och tv\u00e5 f\u00e5r vi \u00e4ven idag k\u00f6ra p\u00e5 kraftdammen \u00f6ver den vackra Lule \u00e4lv. Hederspris till den som t\u00e4nkte p\u00e5 att ta med sig egen cykelhj\u00e4lm till Norrbottens hyrcykelframfart!<\/p>\n<p><img decoding=\"async\" title=\"DSC_0206.JPG\" class=\"alignnone\" alt=\"image\" src=\"http:\/\/ifmvorientering.files.wordpress.com\/2013\/07\/wpid-dsc_0206.jpg\" \/><\/p>\n","protected":false},"excerpt":{"rendered":"<p>\u00c4nnu en str\u00e5lande dag i Boden! Eftersom det \u00e4r samma TC etapp 1 och tv\u00e5 f\u00e5r vi \u00e4ven idag k\u00f6ra p\u00e5 kraftdammen \u00f6ver den vackra Lule \u00e4lv. Hederspris till den [&hellip;]<\/p>\n","protected":false},"author":2,"featured_media":0,"comment_status":"open","ping_status":"open","sticky":false,"template":"","format":"standard","meta":{"footnotes":""},"categories":[263],"tags":[40,54,56,63,100,139,268,202],"class_list":["post-150","post","type-post","status-publish","format-standard","hentry","category-bloggen","tag-bro","tag-cykelhjalm","tag-damm","tag-e2","tag-hederspris","tag-lule-alv","tag-o-ringen-boden-2013","tag-sol"],"_links":{"self":[{"href":"https:\/\/www.ifmarinvast.se\/orientering\/wp-json\/wp\/v2\/posts\/150","targetHints":{"allow":["GET"]}}],"collection":[{"href":"https:\/\/www.ifmarinvast.se\/orientering\/wp-json\/wp\/v2\/posts"}],"about":[{"href":"https:\/\/www.ifmarinvast.se\/orientering\/wp-json\/wp\/v2\/types\/post"}],"author":[{"embeddable":true,"href":"https:\/\/www.ifmarinvast.se\/orientering\/wp-json\/wp\/v2\/users\/2"}],"replies":[{"embeddable":true,"href":"https:\/\/www.ifmarinvast.se\/orientering\/wp-json\/wp\/v2\/comments?post=150"}],"version-history":[{"count":1,"href":"https:\/\/www.ifmarinvast.se\/orientering\/wp-json\/wp\/v2\/posts\/150\/revisions"}],"predecessor-version":[{"id":2977,"href":"https:\/\/www.ifmarinvast.se\/orientering\/wp-json\/wp\/v2\/posts\/150\/revisions\/2977"}],"wp:attachment":[{"href":"https:\/\/www.ifmarinvast.se\/orientering\/wp-json\/wp\/v2\/media?parent=150"}],"wp:term":[{"taxonomy":"category","embeddable":true,"href":"https:\/\/www.ifmarinvast.se\/orientering\/wp-json\/wp\/v2\/categories?post=150"},{"taxonomy":"post_tag","embeddable":true,"href":"https:\/\/www.ifmarinvast.se\/orientering\/wp-json\/wp\/v2\/tags?post=150"}],"curies":[{"name":"wp","href":"https:\/\/api.w.org\/{rel}","templated":true}]}}