{"id":1471,"date":"2009-02-23T00:00:00","date_gmt":"2009-02-22T23:00:00","guid":{"rendered":"http:\/\/ifmarinvast.se\/2016\/vinterlagret-uppskjutet\/"},"modified":"2015-10-11T14:38:40","modified_gmt":"2015-10-11T12:38:40","slug":"vinterlagret-uppskjutet","status":"publish","type":"post","link":"https:\/\/www.ifmarinvast.se\/orientering\/vinterlagret-uppskjutet\/","title":{"rendered":"Vinterl\u00e4gret uppskjutet!"},"content":{"rendered":"<p>P\u00e5 grund av sn\u00f6l\u00e4get i Str\u00f6mstad kan vi inte \u00e5ka p\u00e5 l\u00e4ger d\u00e4r den h\u00e4r helgen, utan f\u00e5r skjuta det p\u00e5 framtiden tills vidare. <\/p>\n<p>Ers\u00e4ttningen blir dock inte fy skam &#8211; en heldag tekniktr\u00e4ning, mat och mys i Fr\u00f6lundas klubbstuga i Sisj\u00f6n! Tr\u00e4ningsdagen blir p\u00e5 l\u00f6rdag, kl 08.30-22.00 c:a, ta med kompass och ett par ombyten OL-kl\u00e4der. Maten lagar vi p\u00e5 plats, och kostnaden \u00e4r gratis f\u00f6r s\u00e5na h\u00e4r n\u00f6dl\u00e4ger.<\/p>\n<p>Anm\u00e4l er till linda@ifmv.nu, senast torsdag 26\/2, s\u00e5 syns vi p\u00e5 l\u00f6rdag!<\/p>\n","protected":false},"excerpt":{"rendered":"<p>P\u00e5 grund av sn\u00f6l\u00e4get i Str\u00f6mstad kan vi inte \u00e5ka p\u00e5 l\u00e4ger d\u00e4r den h\u00e4r helgen, utan f\u00e5r skjuta det p\u00e5 framtiden tills vidare. Ers\u00e4ttningen blir dock inte fy skam [&hellip;]<\/p>\n","protected":false},"author":2,"featured_media":0,"comment_status":"open","ping_status":"open","sticky":false,"template":"","format":"standard","meta":{"footnotes":""},"categories":[262,1],"tags":[],"class_list":["post-1471","post","type-post","status-publish","format-standard","hentry","category-nyheter","category-okategoriserade"],"_links":{"self":[{"href":"https:\/\/www.ifmarinvast.se\/orientering\/wp-json\/wp\/v2\/posts\/1471","targetHints":{"allow":["GET"]}}],"collection":[{"href":"https:\/\/www.ifmarinvast.se\/orientering\/wp-json\/wp\/v2\/posts"}],"about":[{"href":"https:\/\/www.ifmarinvast.se\/orientering\/wp-json\/wp\/v2\/types\/post"}],"author":[{"embeddable":true,"href":"https:\/\/www.ifmarinvast.se\/orientering\/wp-json\/wp\/v2\/users\/2"}],"replies":[{"embeddable":true,"href":"https:\/\/www.ifmarinvast.se\/orientering\/wp-json\/wp\/v2\/comments?post=1471"}],"version-history":[{"count":1,"href":"https:\/\/www.ifmarinvast.se\/orientering\/wp-json\/wp\/v2\/posts\/1471\/revisions"}],"predecessor-version":[{"id":1512,"href":"https:\/\/www.ifmarinvast.se\/orientering\/wp-json\/wp\/v2\/posts\/1471\/revisions\/1512"}],"wp:attachment":[{"href":"https:\/\/www.ifmarinvast.se\/orientering\/wp-json\/wp\/v2\/media?parent=1471"}],"wp:term":[{"taxonomy":"category","embeddable":true,"href":"https:\/\/www.ifmarinvast.se\/orientering\/wp-json\/wp\/v2\/categories?post=1471"},{"taxonomy":"post_tag","embeddable":true,"href":"https:\/\/www.ifmarinvast.se\/orientering\/wp-json\/wp\/v2\/tags?post=1471"}],"curies":[{"name":"wp","href":"https:\/\/api.w.org\/{rel}","templated":true}]}}