{"id":1470,"date":"2009-02-15T00:00:00","date_gmt":"2009-02-14T23:00:00","guid":{"rendered":"http:\/\/ifmarinvast.se\/2016\/vinterlagret-2009-dags-att-anmala\/"},"modified":"2015-10-11T14:38:40","modified_gmt":"2015-10-11T12:38:40","slug":"vinterlagret-2009-dags-att-anmala","status":"publish","type":"post","link":"https:\/\/www.ifmarinvast.se\/orientering\/vinterlagret-2009-dags-att-anmala\/","title":{"rendered":"Vinterl\u00e4gret 2009 &#8211; dags att anm\u00e4la!"},"content":{"rendered":"<p>\u00c5rets vinterl\u00e4ger g\u00e5r 27\/2-1\/3 i Str\u00f6mstad, i tr\u00e4ningsmarkerna f\u00f6r SM &#8211; fint skall det vara! <\/p>\n<p>Alla medlemmar i orienteringssektionen \u00e4r v\u00e4lkomna oavsett kunskapsniv\u00e5 eller formkurva. M\u00e5len med l\u00e4gret \u00e4r n\u00e4mligen<\/p>\n<p>&#8211; Att alla, oavsett om vi \u00e4r nyb\u00f6rjare eller gamla r\u00e4var, ska kunna f\u00e5 nya id\u00e9er och f\u00f6rb\u00e4ttra sin orienteringsteknik<br \/>&#8211; Att vi ska kunna tr\u00e4na ihop och l\u00e4ra oss av varann p\u00e5 v\u00e5r egen niv\u00e5<br \/>&#8211; Att vi ska ha en riktigt trevlig och mysig helg i ett helt nytt omr\u00e5de<\/p>\n<p>Inbjudan cirkulerar p\u00e5 mailen, men anm\u00e4ler er g\u00f6r ni <b>senast onsdag 18\/2<\/b>. B\u00e5de anm\u00e4lan och nyfikna fr\u00e5gor st\u00e4lls till Linda, via <a href='mailto:linda@ifmv.nu'>mail<\/a> eller tfn (031-47 64 55).<\/p>\n","protected":false},"excerpt":{"rendered":"<p>\u00c5rets vinterl\u00e4ger g\u00e5r 27\/2-1\/3 i Str\u00f6mstad, i tr\u00e4ningsmarkerna f\u00f6r SM &#8211; fint skall det vara! Alla medlemmar i orienteringssektionen \u00e4r v\u00e4lkomna oavsett kunskapsniv\u00e5 eller formkurva. M\u00e5len med l\u00e4gret \u00e4r n\u00e4mligen [&hellip;]<\/p>\n","protected":false},"author":2,"featured_media":0,"comment_status":"open","ping_status":"open","sticky":false,"template":"","format":"standard","meta":{"footnotes":""},"categories":[262,1],"tags":[],"class_list":["post-1470","post","type-post","status-publish","format-standard","hentry","category-nyheter","category-okategoriserade"],"_links":{"self":[{"href":"https:\/\/www.ifmarinvast.se\/orientering\/wp-json\/wp\/v2\/posts\/1470","targetHints":{"allow":["GET"]}}],"collection":[{"href":"https:\/\/www.ifmarinvast.se\/orientering\/wp-json\/wp\/v2\/posts"}],"about":[{"href":"https:\/\/www.ifmarinvast.se\/orientering\/wp-json\/wp\/v2\/types\/post"}],"author":[{"embeddable":true,"href":"https:\/\/www.ifmarinvast.se\/orientering\/wp-json\/wp\/v2\/users\/2"}],"replies":[{"embeddable":true,"href":"https:\/\/www.ifmarinvast.se\/orientering\/wp-json\/wp\/v2\/comments?post=1470"}],"version-history":[{"count":2,"href":"https:\/\/www.ifmarinvast.se\/orientering\/wp-json\/wp\/v2\/posts\/1470\/revisions"}],"predecessor-version":[{"id":2037,"href":"https:\/\/www.ifmarinvast.se\/orientering\/wp-json\/wp\/v2\/posts\/1470\/revisions\/2037"}],"wp:attachment":[{"href":"https:\/\/www.ifmarinvast.se\/orientering\/wp-json\/wp\/v2\/media?parent=1470"}],"wp:term":[{"taxonomy":"category","embeddable":true,"href":"https:\/\/www.ifmarinvast.se\/orientering\/wp-json\/wp\/v2\/categories?post=1470"},{"taxonomy":"post_tag","embeddable":true,"href":"https:\/\/www.ifmarinvast.se\/orientering\/wp-json\/wp\/v2\/tags?post=1470"}],"curies":[{"name":"wp","href":"https:\/\/api.w.org\/{rel}","templated":true}]}}