{"id":1466,"date":"2009-02-03T00:00:00","date_gmt":"2009-02-02T23:00:00","guid":{"rendered":"http:\/\/ifmarinvast.se\/2016\/arsmote-i-ifmv\/"},"modified":"2015-10-11T14:38:41","modified_gmt":"2015-10-11T12:38:41","slug":"arsmote-i-ifmv","status":"publish","type":"post","link":"https:\/\/www.ifmarinvast.se\/orientering\/arsmote-i-ifmv\/","title":{"rendered":"\u00c5rsm\u00f6te i IFMV"},"content":{"rendered":"<p>Den 2 mars  kl 18:30 har IF Marin V\u00e4st \u00c5rsm\u00f6te i \u00c4lvsborgs FFs klubbstuga vid p\u00e5velundsplan.<\/p>\n<p><a href='http:\/\/www1.idrottonline.se\/templates\/Gallery.aspx?id=303336'>Kallelse och stadgar<\/a><\/p>\n<p>Redovisningshandlingar och revisionsber\u00e4ttelse finns tillg\u00e4ngliga hos kass\u00f6ren 1 vecka innan \u00e5rsm\u00f6te f\u00f6r p\u00e5seende.<\/p>\n<p>V\u00e4lkomna!<\/p>\n<p>Styrelsen<\/p>\n","protected":false},"excerpt":{"rendered":"<p>Den 2 mars kl 18:30 har IF Marin V\u00e4st \u00c5rsm\u00f6te i \u00c4lvsborgs FFs klubbstuga vid p\u00e5velundsplan. Kallelse och stadgar Redovisningshandlingar och revisionsber\u00e4ttelse finns tillg\u00e4ngliga hos kass\u00f6ren 1 vecka innan \u00e5rsm\u00f6te [&hellip;]<\/p>\n","protected":false},"author":2,"featured_media":0,"comment_status":"open","ping_status":"open","sticky":false,"template":"","format":"standard","meta":{"footnotes":""},"categories":[262,1],"tags":[],"class_list":["post-1466","post","type-post","status-publish","format-standard","hentry","category-nyheter","category-okategoriserade"],"_links":{"self":[{"href":"https:\/\/www.ifmarinvast.se\/orientering\/wp-json\/wp\/v2\/posts\/1466","targetHints":{"allow":["GET"]}}],"collection":[{"href":"https:\/\/www.ifmarinvast.se\/orientering\/wp-json\/wp\/v2\/posts"}],"about":[{"href":"https:\/\/www.ifmarinvast.se\/orientering\/wp-json\/wp\/v2\/types\/post"}],"author":[{"embeddable":true,"href":"https:\/\/www.ifmarinvast.se\/orientering\/wp-json\/wp\/v2\/users\/2"}],"replies":[{"embeddable":true,"href":"https:\/\/www.ifmarinvast.se\/orientering\/wp-json\/wp\/v2\/comments?post=1466"}],"version-history":[{"count":2,"href":"https:\/\/www.ifmarinvast.se\/orientering\/wp-json\/wp\/v2\/posts\/1466\/revisions"}],"predecessor-version":[{"id":2035,"href":"https:\/\/www.ifmarinvast.se\/orientering\/wp-json\/wp\/v2\/posts\/1466\/revisions\/2035"}],"wp:attachment":[{"href":"https:\/\/www.ifmarinvast.se\/orientering\/wp-json\/wp\/v2\/media?parent=1466"}],"wp:term":[{"taxonomy":"category","embeddable":true,"href":"https:\/\/www.ifmarinvast.se\/orientering\/wp-json\/wp\/v2\/categories?post=1466"},{"taxonomy":"post_tag","embeddable":true,"href":"https:\/\/www.ifmarinvast.se\/orientering\/wp-json\/wp\/v2\/tags?post=1466"}],"curies":[{"name":"wp","href":"https:\/\/api.w.org\/{rel}","templated":true}]}}