{"id":1465,"date":"2009-01-17T00:00:00","date_gmt":"2009-01-16T23:00:00","guid":{"rendered":"http:\/\/ifmarinvast.se\/2016\/vinterlagret\/"},"modified":"2015-10-11T14:38:41","modified_gmt":"2015-10-11T12:38:41","slug":"vinterlagret","status":"publish","type":"post","link":"https:\/\/www.ifmarinvast.se\/orientering\/vinterlagret\/","title":{"rendered":"Vinterl\u00e4gret"},"content":{"rendered":"<p>\u00c5rets vinterl\u00e4ger, med orienteringsutmaningar f\u00f6r hela familjen, kommer att g\u00e5 under Vasaloppshelgen.<\/p>\n<p>detta \u00e4r<br \/><b>fre 27 feb &#8211; s\u00f6n 1 mar<\/b><\/p>\n<p>Boka in datumet redan nu, s\u00e5 \u00e5terkommer vi med mer detaljerad info om plats och tider. L\u00e4gret blir p\u00e5 \u00e4n s\u00e5 l\u00e4nge hemlig ort, men en bits resa fr\u00e5n Gbg i ny sp\u00e4nnande terr\u00e4ng!<\/p>\n","protected":false},"excerpt":{"rendered":"<p>\u00c5rets vinterl\u00e4ger, med orienteringsutmaningar f\u00f6r hela familjen, kommer att g\u00e5 under Vasaloppshelgen. detta \u00e4rfre 27 feb &#8211; s\u00f6n 1 mar Boka in datumet redan nu, s\u00e5 \u00e5terkommer vi med mer [&hellip;]<\/p>\n","protected":false},"author":2,"featured_media":0,"comment_status":"open","ping_status":"open","sticky":false,"template":"","format":"standard","meta":{"footnotes":""},"categories":[262,1],"tags":[],"class_list":["post-1465","post","type-post","status-publish","format-standard","hentry","category-nyheter","category-okategoriserade"],"_links":{"self":[{"href":"https:\/\/www.ifmarinvast.se\/orientering\/wp-json\/wp\/v2\/posts\/1465","targetHints":{"allow":["GET"]}}],"collection":[{"href":"https:\/\/www.ifmarinvast.se\/orientering\/wp-json\/wp\/v2\/posts"}],"about":[{"href":"https:\/\/www.ifmarinvast.se\/orientering\/wp-json\/wp\/v2\/types\/post"}],"author":[{"embeddable":true,"href":"https:\/\/www.ifmarinvast.se\/orientering\/wp-json\/wp\/v2\/users\/2"}],"replies":[{"embeddable":true,"href":"https:\/\/www.ifmarinvast.se\/orientering\/wp-json\/wp\/v2\/comments?post=1465"}],"version-history":[{"count":1,"href":"https:\/\/www.ifmarinvast.se\/orientering\/wp-json\/wp\/v2\/posts\/1465\/revisions"}],"predecessor-version":[{"id":1515,"href":"https:\/\/www.ifmarinvast.se\/orientering\/wp-json\/wp\/v2\/posts\/1465\/revisions\/1515"}],"wp:attachment":[{"href":"https:\/\/www.ifmarinvast.se\/orientering\/wp-json\/wp\/v2\/media?parent=1465"}],"wp:term":[{"taxonomy":"category","embeddable":true,"href":"https:\/\/www.ifmarinvast.se\/orientering\/wp-json\/wp\/v2\/categories?post=1465"},{"taxonomy":"post_tag","embeddable":true,"href":"https:\/\/www.ifmarinvast.se\/orientering\/wp-json\/wp\/v2\/tags?post=1465"}],"curies":[{"name":"wp","href":"https:\/\/api.w.org\/{rel}","templated":true}]}}