{"id":1464,"date":"2009-01-17T00:00:00","date_gmt":"2009-01-16T23:00:00","guid":{"rendered":"http:\/\/ifmarinvast.se\/2016\/lurig-kalender\/"},"modified":"2015-10-11T14:38:41","modified_gmt":"2015-10-11T12:38:41","slug":"lurig-kalender","status":"publish","type":"post","link":"https:\/\/www.ifmarinvast.se\/orientering\/lurig-kalender\/","title":{"rendered":"Lurig kalender"},"content":{"rendered":"<p>Anders J jobbar h\u00e5rt p\u00e5 att fixa oss en ny hemsida, och till dess \u00e4r det lite si och s\u00e5 med vissa delar av denna:<\/p>\n<p>&#8211; Informationen i tv\u00e5veckorsalmanackan h\u00e4r till h\u00f6ger st\u00e4mmer perfekt, klickar ni p\u00e5 en l\u00e4nk d\u00e4r kommer ni till r\u00e4tt information.<\/p>\n<p>&#8211; Om ni g\u00e5r in p\u00e5 l\u00e4nken Kalender f\u00e5r ni dock bara upp januari 2009, i \u00f6vrigt kan ni bara hitta info t.o.m. 2008 \u00e5rs kalender. <\/p>\n<p>&#8211; Om ni g\u00e5r in och kollar i listan \u00f6ver Tr\u00e4ningar f\u00e5r ni scrolla l\u00e4ngst ned f\u00f6r att hitta \u00e5r 2009, \u00f6verst ligger alla tr\u00e4ningar vi hade 2008, det \u00e4r d\u00e4rf\u00f6r datumen verkar luriga.<\/p>\n<p>Allt kommer naturligtvis att landa i en mycket b\u00e4ttre hemsida, s\u00e5 ha t\u00e5lamod s\u00e5 l\u00e4nge!<\/p>\n","protected":false},"excerpt":{"rendered":"<p>Anders J jobbar h\u00e5rt p\u00e5 att fixa oss en ny hemsida, och till dess \u00e4r det lite si och s\u00e5 med vissa delar av denna: &#8211; Informationen i tv\u00e5veckorsalmanackan h\u00e4r [&hellip;]<\/p>\n","protected":false},"author":2,"featured_media":0,"comment_status":"open","ping_status":"open","sticky":false,"template":"","format":"standard","meta":{"footnotes":""},"categories":[262,1],"tags":[],"class_list":["post-1464","post","type-post","status-publish","format-standard","hentry","category-nyheter","category-okategoriserade"],"_links":{"self":[{"href":"https:\/\/www.ifmarinvast.se\/orientering\/wp-json\/wp\/v2\/posts\/1464","targetHints":{"allow":["GET"]}}],"collection":[{"href":"https:\/\/www.ifmarinvast.se\/orientering\/wp-json\/wp\/v2\/posts"}],"about":[{"href":"https:\/\/www.ifmarinvast.se\/orientering\/wp-json\/wp\/v2\/types\/post"}],"author":[{"embeddable":true,"href":"https:\/\/www.ifmarinvast.se\/orientering\/wp-json\/wp\/v2\/users\/2"}],"replies":[{"embeddable":true,"href":"https:\/\/www.ifmarinvast.se\/orientering\/wp-json\/wp\/v2\/comments?post=1464"}],"version-history":[{"count":1,"href":"https:\/\/www.ifmarinvast.se\/orientering\/wp-json\/wp\/v2\/posts\/1464\/revisions"}],"predecessor-version":[{"id":1516,"href":"https:\/\/www.ifmarinvast.se\/orientering\/wp-json\/wp\/v2\/posts\/1464\/revisions\/1516"}],"wp:attachment":[{"href":"https:\/\/www.ifmarinvast.se\/orientering\/wp-json\/wp\/v2\/media?parent=1464"}],"wp:term":[{"taxonomy":"category","embeddable":true,"href":"https:\/\/www.ifmarinvast.se\/orientering\/wp-json\/wp\/v2\/categories?post=1464"},{"taxonomy":"post_tag","embeddable":true,"href":"https:\/\/www.ifmarinvast.se\/orientering\/wp-json\/wp\/v2\/tags?post=1464"}],"curies":[{"name":"wp","href":"https:\/\/api.w.org\/{rel}","templated":true}]}}