{"id":1462,"date":"2008-12-26T00:00:00","date_gmt":"2008-12-25T23:00:00","guid":{"rendered":"http:\/\/ifmarinvast.se\/2016\/gott-nytt-traningsar\/"},"modified":"2015-10-11T14:38:41","modified_gmt":"2015-10-11T12:38:41","slug":"gott-nytt-traningsar","status":"publish","type":"post","link":"https:\/\/www.ifmarinvast.se\/orientering\/gott-nytt-traningsar\/","title":{"rendered":"Gott Nytt Tr\u00e4nings\u00e5r!"},"content":{"rendered":"<p>Gott nytt \u00e5r alla orienterare!<\/p>\n<p>I v\u00e4ntan p\u00e5 att t\u00e4vlingss\u00e4songen drar ig\u00e5ng i slutet av mars \u00e4r alla medlemmar v\u00e4lkomna att vara med p\u00e5 fredagstr\u00e4ningarnas styrke- och\/eller konditionstr\u00e4ning. Kl 18.00 p\u00e5 fredagar i Hagenskolans gympasal.<\/p>\n<p>Vi b\u00f6rjar f\u00f6r \u00e5ret <b>fre 9 jan 2009<\/b> &#8211; hoppas vi ses d\u00e5!<\/p>\n","protected":false},"excerpt":{"rendered":"<p>Gott nytt \u00e5r alla orienterare! I v\u00e4ntan p\u00e5 att t\u00e4vlingss\u00e4songen drar ig\u00e5ng i slutet av mars \u00e4r alla medlemmar v\u00e4lkomna att vara med p\u00e5 fredagstr\u00e4ningarnas styrke- och\/eller konditionstr\u00e4ning. Kl 18.00 [&hellip;]<\/p>\n","protected":false},"author":2,"featured_media":0,"comment_status":"open","ping_status":"open","sticky":false,"template":"","format":"standard","meta":{"footnotes":""},"categories":[262,1],"tags":[],"class_list":["post-1462","post","type-post","status-publish","format-standard","hentry","category-nyheter","category-okategoriserade"],"_links":{"self":[{"href":"https:\/\/www.ifmarinvast.se\/orientering\/wp-json\/wp\/v2\/posts\/1462","targetHints":{"allow":["GET"]}}],"collection":[{"href":"https:\/\/www.ifmarinvast.se\/orientering\/wp-json\/wp\/v2\/posts"}],"about":[{"href":"https:\/\/www.ifmarinvast.se\/orientering\/wp-json\/wp\/v2\/types\/post"}],"author":[{"embeddable":true,"href":"https:\/\/www.ifmarinvast.se\/orientering\/wp-json\/wp\/v2\/users\/2"}],"replies":[{"embeddable":true,"href":"https:\/\/www.ifmarinvast.se\/orientering\/wp-json\/wp\/v2\/comments?post=1462"}],"version-history":[{"count":1,"href":"https:\/\/www.ifmarinvast.se\/orientering\/wp-json\/wp\/v2\/posts\/1462\/revisions"}],"predecessor-version":[{"id":1517,"href":"https:\/\/www.ifmarinvast.se\/orientering\/wp-json\/wp\/v2\/posts\/1462\/revisions\/1517"}],"wp:attachment":[{"href":"https:\/\/www.ifmarinvast.se\/orientering\/wp-json\/wp\/v2\/media?parent=1462"}],"wp:term":[{"taxonomy":"category","embeddable":true,"href":"https:\/\/www.ifmarinvast.se\/orientering\/wp-json\/wp\/v2\/categories?post=1462"},{"taxonomy":"post_tag","embeddable":true,"href":"https:\/\/www.ifmarinvast.se\/orientering\/wp-json\/wp\/v2\/tags?post=1462"}],"curies":[{"name":"wp","href":"https:\/\/api.w.org\/{rel}","templated":true}]}}