{"id":1461,"date":"2008-12-14T00:00:00","date_gmt":"2008-12-13T23:00:00","guid":{"rendered":"http:\/\/ifmarinvast.se\/2016\/just-nu-innetraning-pa-fredag\/"},"modified":"2015-10-11T14:38:41","modified_gmt":"2015-10-11T12:38:41","slug":"just-nu-innetraning-pa-fredag","status":"publish","type":"post","link":"https:\/\/www.ifmarinvast.se\/orientering\/just-nu-innetraning-pa-fredag\/","title":{"rendered":"Just nu &#8211; innetr\u00e4ning p\u00e5 fredag!"},"content":{"rendered":"<p>H\u00f6stterminens sista innetr\u00e4ning blir fre 19\/12 kl 18-19.30. Varmt v\u00e4lkomna!!<\/p>\n<p>F\u00f6r v\u00e5ren drar vi ig\u00e5ng igen v2.<\/p>\n","protected":false},"excerpt":{"rendered":"<p>H\u00f6stterminens sista innetr\u00e4ning blir fre 19\/12 kl 18-19.30. Varmt v\u00e4lkomna!! F\u00f6r v\u00e5ren drar vi ig\u00e5ng igen v2.<\/p>\n","protected":false},"author":2,"featured_media":0,"comment_status":"open","ping_status":"open","sticky":false,"template":"","format":"standard","meta":{"footnotes":""},"categories":[262,1],"tags":[],"class_list":["post-1461","post","type-post","status-publish","format-standard","hentry","category-nyheter","category-okategoriserade"],"_links":{"self":[{"href":"https:\/\/www.ifmarinvast.se\/orientering\/wp-json\/wp\/v2\/posts\/1461","targetHints":{"allow":["GET"]}}],"collection":[{"href":"https:\/\/www.ifmarinvast.se\/orientering\/wp-json\/wp\/v2\/posts"}],"about":[{"href":"https:\/\/www.ifmarinvast.se\/orientering\/wp-json\/wp\/v2\/types\/post"}],"author":[{"embeddable":true,"href":"https:\/\/www.ifmarinvast.se\/orientering\/wp-json\/wp\/v2\/users\/2"}],"replies":[{"embeddable":true,"href":"https:\/\/www.ifmarinvast.se\/orientering\/wp-json\/wp\/v2\/comments?post=1461"}],"version-history":[{"count":1,"href":"https:\/\/www.ifmarinvast.se\/orientering\/wp-json\/wp\/v2\/posts\/1461\/revisions"}],"predecessor-version":[{"id":1518,"href":"https:\/\/www.ifmarinvast.se\/orientering\/wp-json\/wp\/v2\/posts\/1461\/revisions\/1518"}],"wp:attachment":[{"href":"https:\/\/www.ifmarinvast.se\/orientering\/wp-json\/wp\/v2\/media?parent=1461"}],"wp:term":[{"taxonomy":"category","embeddable":true,"href":"https:\/\/www.ifmarinvast.se\/orientering\/wp-json\/wp\/v2\/categories?post=1461"},{"taxonomy":"post_tag","embeddable":true,"href":"https:\/\/www.ifmarinvast.se\/orientering\/wp-json\/wp\/v2\/tags?post=1461"}],"curies":[{"name":"wp","href":"https:\/\/api.w.org\/{rel}","templated":true}]}}