{"id":1457,"date":"2008-11-11T00:00:00","date_gmt":"2008-11-10T23:00:00","guid":{"rendered":"http:\/\/ifmarinvast.se\/2016\/hostavslutning\/"},"modified":"2015-10-11T14:38:42","modified_gmt":"2015-10-11T12:38:42","slug":"hostavslutning","status":"publish","type":"post","link":"https:\/\/www.ifmarinvast.se\/orientering\/hostavslutning\/","title":{"rendered":"H\u00f6stavslutning!"},"content":{"rendered":"<p>Nu \u00e4r orienteringss\u00e4songen \u00f6ver f\u00f6r denna g\u00e5ng<\/p>\n<p>L\u00f6rdagen den 22 november \u00e4r det dags f\u00f6r IF Marin V\u00e4sts traditionella<br \/>h\u00f6stavslutning!<br \/>Samling kl 11.00 vid vakten KA4<br \/>F\u00f6rutom fika och prisutdelning blir det aktiviteter med OL-anknytning<br \/>Anm\u00e4l g\u00e4rna till Anna (broberg@ifmv.nu) hur m\u00e5nga ni kommer fr\u00e5n din familj.<br \/>Vi \u00e4r ocks\u00e5 v\u00e4ldigt glada f\u00f6r alla som kan baka n\u00e5got och ta med<\/p>\n<p>V\u00e4lkomna!<br \/>Anna, Anja och Karin<\/p>\n","protected":false},"excerpt":{"rendered":"<p>Nu \u00e4r orienteringss\u00e4songen \u00f6ver f\u00f6r denna g\u00e5ng L\u00f6rdagen den 22 november \u00e4r det dags f\u00f6r IF Marin V\u00e4sts traditionellah\u00f6stavslutning!Samling kl 11.00 vid vakten KA4F\u00f6rutom fika och prisutdelning blir det aktiviteter [&hellip;]<\/p>\n","protected":false},"author":2,"featured_media":0,"comment_status":"open","ping_status":"open","sticky":false,"template":"","format":"standard","meta":{"footnotes":""},"categories":[262,1],"tags":[],"class_list":["post-1457","post","type-post","status-publish","format-standard","hentry","category-nyheter","category-okategoriserade"],"_links":{"self":[{"href":"https:\/\/www.ifmarinvast.se\/orientering\/wp-json\/wp\/v2\/posts\/1457","targetHints":{"allow":["GET"]}}],"collection":[{"href":"https:\/\/www.ifmarinvast.se\/orientering\/wp-json\/wp\/v2\/posts"}],"about":[{"href":"https:\/\/www.ifmarinvast.se\/orientering\/wp-json\/wp\/v2\/types\/post"}],"author":[{"embeddable":true,"href":"https:\/\/www.ifmarinvast.se\/orientering\/wp-json\/wp\/v2\/users\/2"}],"replies":[{"embeddable":true,"href":"https:\/\/www.ifmarinvast.se\/orientering\/wp-json\/wp\/v2\/comments?post=1457"}],"version-history":[{"count":1,"href":"https:\/\/www.ifmarinvast.se\/orientering\/wp-json\/wp\/v2\/posts\/1457\/revisions"}],"predecessor-version":[{"id":1522,"href":"https:\/\/www.ifmarinvast.se\/orientering\/wp-json\/wp\/v2\/posts\/1457\/revisions\/1522"}],"wp:attachment":[{"href":"https:\/\/www.ifmarinvast.se\/orientering\/wp-json\/wp\/v2\/media?parent=1457"}],"wp:term":[{"taxonomy":"category","embeddable":true,"href":"https:\/\/www.ifmarinvast.se\/orientering\/wp-json\/wp\/v2\/categories?post=1457"},{"taxonomy":"post_tag","embeddable":true,"href":"https:\/\/www.ifmarinvast.se\/orientering\/wp-json\/wp\/v2\/tags?post=1457"}],"curies":[{"name":"wp","href":"https:\/\/api.w.org\/{rel}","templated":true}]}}