{"id":1452,"date":"2008-10-05T00:00:00","date_gmt":"2008-10-04T22:00:00","guid":{"rendered":"http:\/\/ifmarinvast.se\/2016\/arets-sista-torsdagstraning\/"},"modified":"2015-10-11T14:38:42","modified_gmt":"2015-10-11T12:38:42","slug":"arets-sista-torsdagstraning","status":"publish","type":"post","link":"https:\/\/www.ifmarinvast.se\/orientering\/arets-sista-torsdagstraning\/","title":{"rendered":"\u00c5rets sista torsdagstr\u00e4ning"},"content":{"rendered":"<p>Herkules arrangerar s\u00e4songens sista tr\u00e4ning vid Kroksl\u00e4ttsvallen torsdag 9\/10.<br \/>Det blir natt-OL banor, som man kan springa i dagsljus om man startar tidigt.<br \/>Start d\u00e4rf\u00f6r mellan 17:30 &#8211; 19:00.<\/p>\n","protected":false},"excerpt":{"rendered":"<p>Herkules arrangerar s\u00e4songens sista tr\u00e4ning vid Kroksl\u00e4ttsvallen torsdag 9\/10.Det blir natt-OL banor, som man kan springa i dagsljus om man startar tidigt.Start d\u00e4rf\u00f6r mellan 17:30 &#8211; 19:00.<\/p>\n","protected":false},"author":2,"featured_media":0,"comment_status":"open","ping_status":"open","sticky":false,"template":"","format":"standard","meta":{"footnotes":""},"categories":[262,1],"tags":[],"class_list":["post-1452","post","type-post","status-publish","format-standard","hentry","category-nyheter","category-okategoriserade"],"_links":{"self":[{"href":"https:\/\/www.ifmarinvast.se\/orientering\/wp-json\/wp\/v2\/posts\/1452","targetHints":{"allow":["GET"]}}],"collection":[{"href":"https:\/\/www.ifmarinvast.se\/orientering\/wp-json\/wp\/v2\/posts"}],"about":[{"href":"https:\/\/www.ifmarinvast.se\/orientering\/wp-json\/wp\/v2\/types\/post"}],"author":[{"embeddable":true,"href":"https:\/\/www.ifmarinvast.se\/orientering\/wp-json\/wp\/v2\/users\/2"}],"replies":[{"embeddable":true,"href":"https:\/\/www.ifmarinvast.se\/orientering\/wp-json\/wp\/v2\/comments?post=1452"}],"version-history":[{"count":1,"href":"https:\/\/www.ifmarinvast.se\/orientering\/wp-json\/wp\/v2\/posts\/1452\/revisions"}],"predecessor-version":[{"id":1523,"href":"https:\/\/www.ifmarinvast.se\/orientering\/wp-json\/wp\/v2\/posts\/1452\/revisions\/1523"}],"wp:attachment":[{"href":"https:\/\/www.ifmarinvast.se\/orientering\/wp-json\/wp\/v2\/media?parent=1452"}],"wp:term":[{"taxonomy":"category","embeddable":true,"href":"https:\/\/www.ifmarinvast.se\/orientering\/wp-json\/wp\/v2\/categories?post=1452"},{"taxonomy":"post_tag","embeddable":true,"href":"https:\/\/www.ifmarinvast.se\/orientering\/wp-json\/wp\/v2\/tags?post=1452"}],"curies":[{"name":"wp","href":"https:\/\/api.w.org\/{rel}","templated":true}]}}