{"id":1450,"date":"2008-09-24T00:00:00","date_gmt":"2008-09-23T22:00:00","guid":{"rendered":"http:\/\/ifmarinvast.se\/2016\/torsdagstraning-26-9\/"},"modified":"2015-10-11T14:38:55","modified_gmt":"2015-10-11T12:38:55","slug":"torsdagstraning-26-9","status":"publish","type":"post","link":"https:\/\/www.ifmarinvast.se\/orientering\/torsdagstraning-26-9\/","title":{"rendered":"Torsdagstr\u00e4ning 26\/9"},"content":{"rendered":"<p>Fr\u00f6lunda OL ordnar torsdagens tr\u00e4ning Samling d\u00e4r sandsj\u00f6backaleden korsar bilv\u00e4gen Lindome-Sp\u00e5rhaga. Start mellan 17.30 och 18.30.<\/p>\n","protected":false},"excerpt":{"rendered":"<p>Fr\u00f6lunda OL ordnar torsdagens tr\u00e4ning Samling d\u00e4r sandsj\u00f6backaleden korsar bilv\u00e4gen Lindome-Sp\u00e5rhaga. Start mellan 17.30 och 18.30.<\/p>\n","protected":false},"author":2,"featured_media":0,"comment_status":"open","ping_status":"open","sticky":false,"template":"","format":"standard","meta":{"footnotes":""},"categories":[262,1],"tags":[],"class_list":["post-1450","post","type-post","status-publish","format-standard","hentry","category-nyheter","category-okategoriserade"],"_links":{"self":[{"href":"https:\/\/www.ifmarinvast.se\/orientering\/wp-json\/wp\/v2\/posts\/1450","targetHints":{"allow":["GET"]}}],"collection":[{"href":"https:\/\/www.ifmarinvast.se\/orientering\/wp-json\/wp\/v2\/posts"}],"about":[{"href":"https:\/\/www.ifmarinvast.se\/orientering\/wp-json\/wp\/v2\/types\/post"}],"author":[{"embeddable":true,"href":"https:\/\/www.ifmarinvast.se\/orientering\/wp-json\/wp\/v2\/users\/2"}],"replies":[{"embeddable":true,"href":"https:\/\/www.ifmarinvast.se\/orientering\/wp-json\/wp\/v2\/comments?post=1450"}],"version-history":[{"count":1,"href":"https:\/\/www.ifmarinvast.se\/orientering\/wp-json\/wp\/v2\/posts\/1450\/revisions"}],"predecessor-version":[{"id":1525,"href":"https:\/\/www.ifmarinvast.se\/orientering\/wp-json\/wp\/v2\/posts\/1450\/revisions\/1525"}],"wp:attachment":[{"href":"https:\/\/www.ifmarinvast.se\/orientering\/wp-json\/wp\/v2\/media?parent=1450"}],"wp:term":[{"taxonomy":"category","embeddable":true,"href":"https:\/\/www.ifmarinvast.se\/orientering\/wp-json\/wp\/v2\/categories?post=1450"},{"taxonomy":"post_tag","embeddable":true,"href":"https:\/\/www.ifmarinvast.se\/orientering\/wp-json\/wp\/v2\/tags?post=1450"}],"curies":[{"name":"wp","href":"https:\/\/api.w.org\/{rel}","templated":true}]}}