{"id":145,"date":"2013-07-22T09:46:21","date_gmt":"2013-07-22T07:46:21","guid":{"rendered":"https:\/\/ifmvorientering.wordpress.com\/?p=145"},"modified":"2015-10-11T14:12:10","modified_gmt":"2015-10-11T12:12:10","slug":"cykellaset-nar-cykeln-saknar-stod","status":"publish","type":"post","link":"https:\/\/www.ifmarinvast.se\/orientering\/cykellaset-nar-cykeln-saknar-stod\/","title":{"rendered":"Cykell\u00e5set &#8211; n\u00e4r cykeln saknar st\u00f6d"},"content":{"rendered":"<p>P\u00e5 detta s\u00e4tt st\u00e4ller man l\u00e4mpligast tv\u00e5 milit\u00e4rcyklar som saknar st\u00f6d. Ett cykell\u00e5s bildas av tv\u00e5 eller flera cyklar som lutas mot varandra och d\u00e4rmed fixeras. V\u00e4rdefull kunskap i Boden. <\/p>\n<p><a href=\"http:\/\/ifmvorientering.files.wordpress.com\/2013\/07\/20130722-093445.jpg\"><img decoding=\"async\" src=\"http:\/\/ifmvorientering.files.wordpress.com\/2013\/07\/20130722-093445.jpg\" alt=\"20130722-093445.jpg\" class=\"alignnone size-full\" \/><\/a><\/p>\n","protected":false},"excerpt":{"rendered":"<p>P\u00e5 detta s\u00e4tt st\u00e4ller man l\u00e4mpligast tv\u00e5 milit\u00e4rcyklar som saknar st\u00f6d. Ett cykell\u00e5s bildas av tv\u00e5 eller flera cyklar som lutas mot varandra och d\u00e4rmed fixeras. V\u00e4rdefull kunskap i Boden.<\/p>\n","protected":false},"author":2,"featured_media":0,"comment_status":"open","ping_status":"open","sticky":false,"template":"","format":"standard","meta":{"footnotes":""},"categories":[263],"tags":[53,55,132,268,166],"class_list":["post-145","post","type-post","status-publish","format-standard","hentry","category-bloggen","tag-cykel","tag-cykellas","tag-las","tag-o-ringen-boden-2013","tag-oringen"],"_links":{"self":[{"href":"https:\/\/www.ifmarinvast.se\/orientering\/wp-json\/wp\/v2\/posts\/145","targetHints":{"allow":["GET"]}}],"collection":[{"href":"https:\/\/www.ifmarinvast.se\/orientering\/wp-json\/wp\/v2\/posts"}],"about":[{"href":"https:\/\/www.ifmarinvast.se\/orientering\/wp-json\/wp\/v2\/types\/post"}],"author":[{"embeddable":true,"href":"https:\/\/www.ifmarinvast.se\/orientering\/wp-json\/wp\/v2\/users\/2"}],"replies":[{"embeddable":true,"href":"https:\/\/www.ifmarinvast.se\/orientering\/wp-json\/wp\/v2\/comments?post=145"}],"version-history":[{"count":1,"href":"https:\/\/www.ifmarinvast.se\/orientering\/wp-json\/wp\/v2\/posts\/145\/revisions"}],"predecessor-version":[{"id":2978,"href":"https:\/\/www.ifmarinvast.se\/orientering\/wp-json\/wp\/v2\/posts\/145\/revisions\/2978"}],"wp:attachment":[{"href":"https:\/\/www.ifmarinvast.se\/orientering\/wp-json\/wp\/v2\/media?parent=145"}],"wp:term":[{"taxonomy":"category","embeddable":true,"href":"https:\/\/www.ifmarinvast.se\/orientering\/wp-json\/wp\/v2\/categories?post=145"},{"taxonomy":"post_tag","embeddable":true,"href":"https:\/\/www.ifmarinvast.se\/orientering\/wp-json\/wp\/v2\/tags?post=145"}],"curies":[{"name":"wp","href":"https:\/\/api.w.org\/{rel}","templated":true}]}}