{"id":1446,"date":"2008-09-14T00:00:00","date_gmt":"2008-09-13T22:00:00","guid":{"rendered":"http:\/\/ifmarinvast.se\/2016\/info-om-torsdagens-traning\/"},"modified":"2015-10-11T14:38:55","modified_gmt":"2015-10-11T12:38:55","slug":"info-om-torsdagens-traning","status":"publish","type":"post","link":"https:\/\/www.ifmarinvast.se\/orientering\/info-om-torsdagens-traning\/","title":{"rendered":"info om torsdagens tr\u00e4ning"},"content":{"rendered":"<p>FK Herkules arrangerar vid Landehofstugan.<br \/>V\u00e4gvisning: Tag av rv40 vid Landvettermotet. Forts\u00e4tt parallellt med motorv\u00e4gen mot ishallen. Sk\u00e4rmar visar d\u00e4rifr\u00e5n.<br \/>Start mellan 17:30 &#8211; 18:30<br \/>Landehof har \u00f6ppet i stugan 17-20 om man vill duscha eller fika. Dusch kostar 10:- och betalas i fiket.<\/p>\n","protected":false},"excerpt":{"rendered":"<p>FK Herkules arrangerar vid Landehofstugan.V\u00e4gvisning: Tag av rv40 vid Landvettermotet. Forts\u00e4tt parallellt med motorv\u00e4gen mot ishallen. Sk\u00e4rmar visar d\u00e4rifr\u00e5n.Start mellan 17:30 &#8211; 18:30Landehof har \u00f6ppet i stugan 17-20 om man [&hellip;]<\/p>\n","protected":false},"author":2,"featured_media":0,"comment_status":"open","ping_status":"open","sticky":false,"template":"","format":"standard","meta":{"footnotes":""},"categories":[262,1],"tags":[],"class_list":["post-1446","post","type-post","status-publish","format-standard","hentry","category-nyheter","category-okategoriserade"],"_links":{"self":[{"href":"https:\/\/www.ifmarinvast.se\/orientering\/wp-json\/wp\/v2\/posts\/1446","targetHints":{"allow":["GET"]}}],"collection":[{"href":"https:\/\/www.ifmarinvast.se\/orientering\/wp-json\/wp\/v2\/posts"}],"about":[{"href":"https:\/\/www.ifmarinvast.se\/orientering\/wp-json\/wp\/v2\/types\/post"}],"author":[{"embeddable":true,"href":"https:\/\/www.ifmarinvast.se\/orientering\/wp-json\/wp\/v2\/users\/2"}],"replies":[{"embeddable":true,"href":"https:\/\/www.ifmarinvast.se\/orientering\/wp-json\/wp\/v2\/comments?post=1446"}],"version-history":[{"count":1,"href":"https:\/\/www.ifmarinvast.se\/orientering\/wp-json\/wp\/v2\/posts\/1446\/revisions"}],"predecessor-version":[{"id":1527,"href":"https:\/\/www.ifmarinvast.se\/orientering\/wp-json\/wp\/v2\/posts\/1446\/revisions\/1527"}],"wp:attachment":[{"href":"https:\/\/www.ifmarinvast.se\/orientering\/wp-json\/wp\/v2\/media?parent=1446"}],"wp:term":[{"taxonomy":"category","embeddable":true,"href":"https:\/\/www.ifmarinvast.se\/orientering\/wp-json\/wp\/v2\/categories?post=1446"},{"taxonomy":"post_tag","embeddable":true,"href":"https:\/\/www.ifmarinvast.se\/orientering\/wp-json\/wp\/v2\/tags?post=1446"}],"curies":[{"name":"wp","href":"https:\/\/api.w.org\/{rel}","templated":true}]}}