{"id":1441,"date":"2008-08-19T00:00:00","date_gmt":"2008-08-18T22:00:00","guid":{"rendered":"http:\/\/ifmarinvast.se\/2016\/grillkvall-vid-klubbstugan\/"},"modified":"2015-10-11T14:38:55","modified_gmt":"2015-10-11T12:38:55","slug":"grillkvall-vid-klubbstugan","status":"publish","type":"post","link":"https:\/\/www.ifmarinvast.se\/orientering\/grillkvall-vid-klubbstugan\/","title":{"rendered":"Grillkv\u00e4ll vid klubbstugan"},"content":{"rendered":"<p>M\u00e5n 1 sep blir det myskv\u00e4ll med lite mat vid klubbstugan f\u00f6r alla IFMV-orienterare ihop med G\u00f6teborgs Skidklubb. Vi hoppas det blir grillv\u00e4der s\u00e5 vi kan anv\u00e4nda v\u00e5r stora grill! F\u00f6rutom n\u00e5got att \u00e4ta blir det chans att tr\u00e4ffas lite avslappnat, och info om Natt-DMarrangemanget som vi b\u00e5da klubbar har ihop &#8211; men myskv\u00e4llen \u00e4r f\u00f6r alla, oavsett om man jobbar med arrangemanget eller inte.<\/p>\n<p><b>Samling vid Vakten, G\u00f6teborgs garnison kl 18.00<\/b><\/p>\n<p>F\u00f6r att vi ska ordna matink\u00f6p och inpassering genom vakten vill vi ha anm\u00e4lan hur m\u00e5nga som vill komma, och det senast 30 aug till <a href='mailto:linda@ifmv.nu'>linda@ifmv.nu<\/a><\/p>\n<p>V\u00e4lkomna!!<br \/>Linda, IFMV och Svante, GSK<\/p>\n","protected":false},"excerpt":{"rendered":"<p>M\u00e5n 1 sep blir det myskv\u00e4ll med lite mat vid klubbstugan f\u00f6r alla IFMV-orienterare ihop med G\u00f6teborgs Skidklubb. Vi hoppas det blir grillv\u00e4der s\u00e5 vi kan anv\u00e4nda v\u00e5r stora grill! [&hellip;]<\/p>\n","protected":false},"author":2,"featured_media":0,"comment_status":"open","ping_status":"open","sticky":false,"template":"","format":"standard","meta":{"footnotes":""},"categories":[262,1],"tags":[],"class_list":["post-1441","post","type-post","status-publish","format-standard","hentry","category-nyheter","category-okategoriserade"],"_links":{"self":[{"href":"https:\/\/www.ifmarinvast.se\/orientering\/wp-json\/wp\/v2\/posts\/1441","targetHints":{"allow":["GET"]}}],"collection":[{"href":"https:\/\/www.ifmarinvast.se\/orientering\/wp-json\/wp\/v2\/posts"}],"about":[{"href":"https:\/\/www.ifmarinvast.se\/orientering\/wp-json\/wp\/v2\/types\/post"}],"author":[{"embeddable":true,"href":"https:\/\/www.ifmarinvast.se\/orientering\/wp-json\/wp\/v2\/users\/2"}],"replies":[{"embeddable":true,"href":"https:\/\/www.ifmarinvast.se\/orientering\/wp-json\/wp\/v2\/comments?post=1441"}],"version-history":[{"count":1,"href":"https:\/\/www.ifmarinvast.se\/orientering\/wp-json\/wp\/v2\/posts\/1441\/revisions"}],"predecessor-version":[{"id":3030,"href":"https:\/\/www.ifmarinvast.se\/orientering\/wp-json\/wp\/v2\/posts\/1441\/revisions\/3030"}],"wp:attachment":[{"href":"https:\/\/www.ifmarinvast.se\/orientering\/wp-json\/wp\/v2\/media?parent=1441"}],"wp:term":[{"taxonomy":"category","embeddable":true,"href":"https:\/\/www.ifmarinvast.se\/orientering\/wp-json\/wp\/v2\/categories?post=1441"},{"taxonomy":"post_tag","embeddable":true,"href":"https:\/\/www.ifmarinvast.se\/orientering\/wp-json\/wp\/v2\/tags?post=1441"}],"curies":[{"name":"wp","href":"https:\/\/api.w.org\/{rel}","templated":true}]}}