{"id":1440,"date":"2008-08-07T00:00:00","date_gmt":"2008-08-06T22:00:00","guid":{"rendered":"http:\/\/ifmarinvast.se\/2016\/provlopningen-torsdag-14-aug\/"},"modified":"2015-10-11T14:38:56","modified_gmt":"2015-10-11T12:38:56","slug":"provlopningen-torsdag-14-aug","status":"publish","type":"post","link":"https:\/\/www.ifmarinvast.se\/orientering\/provlopningen-torsdag-14-aug\/","title":{"rendered":"Provl\u00f6pningen Torsdag 14 aug"},"content":{"rendered":"<p>Torsdagen 14 augusti \u00e5ker vi gemensamt, de som vill och kan, upp till Uddevalla f\u00f6r provl\u00f6pning av Natt-DMbanorna. <\/p>\n<p><b>Anm\u00e4l er till <a href='mailto:linda@ifmv.nu'>linda@ifmv.nu<\/a> senast tisdag 12 aug<\/b> s\u00e5 jag kan samordna bilarna. Jag beh\u00f6ver veta hur m\u00e5nga som kommer, om ni kan k\u00f6ra eller inte och vad f\u00f6r bana ni kan springa. Vi \u00e5ker kl 17.00 fr\u00e5n G\u00f6teborg, och om ni inte hinner till denna tid beh\u00f6ver jag veta det ocks\u00e5.<\/p>\n<p>Herrestad bjuder p\u00e5 fika efter provl\u00f6pningen. Ungdomar upp till 16 \u00e5r som ska t\u00e4vla i natt-DM f\u00e5r inte provspringa banor, men \u00e4r v\u00e4lkomna upp \u00e4nd\u00e5!<\/p>\n","protected":false},"excerpt":{"rendered":"<p>Torsdagen 14 augusti \u00e5ker vi gemensamt, de som vill och kan, upp till Uddevalla f\u00f6r provl\u00f6pning av Natt-DMbanorna. Anm\u00e4l er till linda@ifmv.nu senast tisdag 12 aug s\u00e5 jag kan samordna [&hellip;]<\/p>\n","protected":false},"author":2,"featured_media":0,"comment_status":"open","ping_status":"open","sticky":false,"template":"","format":"standard","meta":{"footnotes":""},"categories":[262,1],"tags":[],"class_list":["post-1440","post","type-post","status-publish","format-standard","hentry","category-nyheter","category-okategoriserade"],"_links":{"self":[{"href":"https:\/\/www.ifmarinvast.se\/orientering\/wp-json\/wp\/v2\/posts\/1440","targetHints":{"allow":["GET"]}}],"collection":[{"href":"https:\/\/www.ifmarinvast.se\/orientering\/wp-json\/wp\/v2\/posts"}],"about":[{"href":"https:\/\/www.ifmarinvast.se\/orientering\/wp-json\/wp\/v2\/types\/post"}],"author":[{"embeddable":true,"href":"https:\/\/www.ifmarinvast.se\/orientering\/wp-json\/wp\/v2\/users\/2"}],"replies":[{"embeddable":true,"href":"https:\/\/www.ifmarinvast.se\/orientering\/wp-json\/wp\/v2\/comments?post=1440"}],"version-history":[{"count":1,"href":"https:\/\/www.ifmarinvast.se\/orientering\/wp-json\/wp\/v2\/posts\/1440\/revisions"}],"predecessor-version":[{"id":3031,"href":"https:\/\/www.ifmarinvast.se\/orientering\/wp-json\/wp\/v2\/posts\/1440\/revisions\/3031"}],"wp:attachment":[{"href":"https:\/\/www.ifmarinvast.se\/orientering\/wp-json\/wp\/v2\/media?parent=1440"}],"wp:term":[{"taxonomy":"category","embeddable":true,"href":"https:\/\/www.ifmarinvast.se\/orientering\/wp-json\/wp\/v2\/categories?post=1440"},{"taxonomy":"post_tag","embeddable":true,"href":"https:\/\/www.ifmarinvast.se\/orientering\/wp-json\/wp\/v2\/tags?post=1440"}],"curies":[{"name":"wp","href":"https:\/\/api.w.org\/{rel}","templated":true}]}}