{"id":1439,"date":"2008-07-27T00:00:00","date_gmt":"2008-07-26T22:00:00","guid":{"rendered":"http:\/\/ifmarinvast.se\/2016\/provlopning-natt-dm-14-aug\/"},"modified":"2015-10-11T14:38:56","modified_gmt":"2015-10-11T12:38:56","slug":"provlopning-natt-dm-14-aug","status":"publish","type":"post","link":"https:\/\/www.ifmarinvast.se\/orientering\/provlopning-natt-dm-14-aug\/","title":{"rendered":"Provl\u00f6pning Natt-DM 14 aug"},"content":{"rendered":"<p>Torsdagen 14 augusti \u00e5ker vi gemensamt, de som vill och kan, upp till Uddevalla f\u00f6r provl\u00f6pning av Natt-DMbanorna. Mer information kommer l\u00e4ngre fram, men anm\u00e4l er g\u00e4rna till linda@ifmv.nu om ni vet att ni skall \u00e5ka med.<\/p>\n<p>De som ha sv\u00e5rt den h\u00e4r dagen kan \u00e5ka upp veckan f\u00f6re, tors 7 augusti. Provl\u00f6pningen g\u00f6r vi f\u00f6r banl\u00e4ggarnas skull, f\u00f6r att se att banorna \u00e4r bra och hur l\u00e5ng tid de kan t\u00e4nkas ta, och f\u00f6r att f\u00e5 en chans att \u00e5ka gemensamt upp och se terr\u00e4ngen och tr\u00e4ffa Skidklubben och Herrestad. Ungdomar upp till 16 \u00e5r som ska t\u00e4vl i natt-DM f\u00e5r inte provspringa nbanor, men \u00e4r v\u00e4lkomna upp \u00e4nd\u00e5!<\/p>\n","protected":false},"excerpt":{"rendered":"<p>Torsdagen 14 augusti \u00e5ker vi gemensamt, de som vill och kan, upp till Uddevalla f\u00f6r provl\u00f6pning av Natt-DMbanorna. Mer information kommer l\u00e4ngre fram, men anm\u00e4l er g\u00e4rna till linda@ifmv.nu om [&hellip;]<\/p>\n","protected":false},"author":2,"featured_media":0,"comment_status":"open","ping_status":"open","sticky":false,"template":"","format":"standard","meta":{"footnotes":""},"categories":[262,1],"tags":[],"class_list":["post-1439","post","type-post","status-publish","format-standard","hentry","category-nyheter","category-okategoriserade"],"_links":{"self":[{"href":"https:\/\/www.ifmarinvast.se\/orientering\/wp-json\/wp\/v2\/posts\/1439","targetHints":{"allow":["GET"]}}],"collection":[{"href":"https:\/\/www.ifmarinvast.se\/orientering\/wp-json\/wp\/v2\/posts"}],"about":[{"href":"https:\/\/www.ifmarinvast.se\/orientering\/wp-json\/wp\/v2\/types\/post"}],"author":[{"embeddable":true,"href":"https:\/\/www.ifmarinvast.se\/orientering\/wp-json\/wp\/v2\/users\/2"}],"replies":[{"embeddable":true,"href":"https:\/\/www.ifmarinvast.se\/orientering\/wp-json\/wp\/v2\/comments?post=1439"}],"version-history":[{"count":1,"href":"https:\/\/www.ifmarinvast.se\/orientering\/wp-json\/wp\/v2\/posts\/1439\/revisions"}],"predecessor-version":[{"id":1528,"href":"https:\/\/www.ifmarinvast.se\/orientering\/wp-json\/wp\/v2\/posts\/1439\/revisions\/1528"}],"wp:attachment":[{"href":"https:\/\/www.ifmarinvast.se\/orientering\/wp-json\/wp\/v2\/media?parent=1439"}],"wp:term":[{"taxonomy":"category","embeddable":true,"href":"https:\/\/www.ifmarinvast.se\/orientering\/wp-json\/wp\/v2\/categories?post=1439"},{"taxonomy":"post_tag","embeddable":true,"href":"https:\/\/www.ifmarinvast.se\/orientering\/wp-json\/wp\/v2\/tags?post=1439"}],"curies":[{"name":"wp","href":"https:\/\/api.w.org\/{rel}","templated":true}]}}