{"id":1436,"date":"2008-06-22T00:00:00","date_gmt":"2008-06-21T22:00:00","guid":{"rendered":"http:\/\/ifmarinvast.se\/2016\/glad-sommar\/"},"modified":"2015-10-11T14:38:56","modified_gmt":"2015-10-11T12:38:56","slug":"glad-sommar","status":"publish","type":"post","link":"https:\/\/www.ifmarinvast.se\/orientering\/glad-sommar\/","title":{"rendered":"Glad sommar!!"},"content":{"rendered":"<p>Hoppas alla medlemmar f\u00e5r en sk\u00f6n sommartid. Info om sommarens orienteringsh\u00e4ndelser kommer att finnas h\u00e4r p\u00e5 hemsidan, i t\u00e4vlingskalendern och i ett och annat mail.<\/p>\n<p>V\u00e4rt att notera \u00e4r t.ex. att JVM i orientering g\u00e5r i G\u00f6teborg v27 med tillh\u00f6rande publikt\u00e4vlingar, att O-ringen g\u00e5r i S\u00e4len v30 och att vi ser fram emot en h\u00f6st med Natt-DM-arrangemang fre 12 sep och anrikt K\u00e4ns\u00f6l\u00e4ger 19-21 sep.<\/p>\n","protected":false},"excerpt":{"rendered":"<p>Hoppas alla medlemmar f\u00e5r en sk\u00f6n sommartid. Info om sommarens orienteringsh\u00e4ndelser kommer att finnas h\u00e4r p\u00e5 hemsidan, i t\u00e4vlingskalendern och i ett och annat mail. V\u00e4rt att notera \u00e4r t.ex. [&hellip;]<\/p>\n","protected":false},"author":2,"featured_media":0,"comment_status":"open","ping_status":"open","sticky":false,"template":"","format":"standard","meta":{"footnotes":""},"categories":[262,1],"tags":[],"class_list":["post-1436","post","type-post","status-publish","format-standard","hentry","category-nyheter","category-okategoriserade"],"_links":{"self":[{"href":"https:\/\/www.ifmarinvast.se\/orientering\/wp-json\/wp\/v2\/posts\/1436","targetHints":{"allow":["GET"]}}],"collection":[{"href":"https:\/\/www.ifmarinvast.se\/orientering\/wp-json\/wp\/v2\/posts"}],"about":[{"href":"https:\/\/www.ifmarinvast.se\/orientering\/wp-json\/wp\/v2\/types\/post"}],"author":[{"embeddable":true,"href":"https:\/\/www.ifmarinvast.se\/orientering\/wp-json\/wp\/v2\/users\/2"}],"replies":[{"embeddable":true,"href":"https:\/\/www.ifmarinvast.se\/orientering\/wp-json\/wp\/v2\/comments?post=1436"}],"version-history":[{"count":1,"href":"https:\/\/www.ifmarinvast.se\/orientering\/wp-json\/wp\/v2\/posts\/1436\/revisions"}],"predecessor-version":[{"id":1529,"href":"https:\/\/www.ifmarinvast.se\/orientering\/wp-json\/wp\/v2\/posts\/1436\/revisions\/1529"}],"wp:attachment":[{"href":"https:\/\/www.ifmarinvast.se\/orientering\/wp-json\/wp\/v2\/media?parent=1436"}],"wp:term":[{"taxonomy":"category","embeddable":true,"href":"https:\/\/www.ifmarinvast.se\/orientering\/wp-json\/wp\/v2\/categories?post=1436"},{"taxonomy":"post_tag","embeddable":true,"href":"https:\/\/www.ifmarinvast.se\/orientering\/wp-json\/wp\/v2\/tags?post=1436"}],"curies":[{"name":"wp","href":"https:\/\/api.w.org\/{rel}","templated":true}]}}