{"id":1435,"date":"2008-06-09T00:00:00","date_gmt":"2008-06-08T22:00:00","guid":{"rendered":"http:\/\/ifmarinvast.se\/2016\/varserien-avslutad\/"},"modified":"2015-10-11T14:38:56","modified_gmt":"2015-10-11T12:38:56","slug":"varserien-avslutad","status":"publish","type":"post","link":"https:\/\/www.ifmarinvast.se\/orientering\/varserien-avslutad\/","title":{"rendered":"V\u00e5rserien avslutad!"},"content":{"rendered":"<p>I l\u00f6rdags gick sista etappen av \u00e5rets v\u00e5rserie, och resultaten finns nu till besk\u00e5dan <a href='http:\/\/www.orienteringgoteborg.com\/files\/sites\/varserien_2008_tot_resultat.htm' target=_blank>h\u00e4r<\/a>.<\/p>\n<p>(L\u00e4s s\u00e5 h\u00e4r: siffran f\u00f6re namnen \u00e4r total placering. De sju siffrorna efter namnet tyder ni s\u00e5 h\u00e4r: kolumn 1-5 \u00e4r etappplaceringarna, kolumn 6 summan av de tre b\u00e4sta etapperna, och kolumn 7 antalet sprungna etapper)<\/p>\n<p>F\u00f6r IFMV sprang <b>Vidar, Christopher, Fredrik, Carl, Johan, Felix<\/b>, samt <b>Emma, Tova och Lovisa<\/b> som slog till i inskolningsklassen. Bra jobbat allihop! Ett s\u00e4rskilt grattis till <b>Fredrik<\/b> som tog hem totalsegern i HU2. Snyggt!!<\/p>\n","protected":false},"excerpt":{"rendered":"<p>I l\u00f6rdags gick sista etappen av \u00e5rets v\u00e5rserie, och resultaten finns nu till besk\u00e5dan h\u00e4r. (L\u00e4s s\u00e5 h\u00e4r: siffran f\u00f6re namnen \u00e4r total placering. De sju siffrorna efter namnet tyder [&hellip;]<\/p>\n","protected":false},"author":2,"featured_media":0,"comment_status":"open","ping_status":"open","sticky":false,"template":"","format":"standard","meta":{"footnotes":""},"categories":[262,1],"tags":[],"class_list":["post-1435","post","type-post","status-publish","format-standard","hentry","category-nyheter","category-okategoriserade"],"_links":{"self":[{"href":"https:\/\/www.ifmarinvast.se\/orientering\/wp-json\/wp\/v2\/posts\/1435","targetHints":{"allow":["GET"]}}],"collection":[{"href":"https:\/\/www.ifmarinvast.se\/orientering\/wp-json\/wp\/v2\/posts"}],"about":[{"href":"https:\/\/www.ifmarinvast.se\/orientering\/wp-json\/wp\/v2\/types\/post"}],"author":[{"embeddable":true,"href":"https:\/\/www.ifmarinvast.se\/orientering\/wp-json\/wp\/v2\/users\/2"}],"replies":[{"embeddable":true,"href":"https:\/\/www.ifmarinvast.se\/orientering\/wp-json\/wp\/v2\/comments?post=1435"}],"version-history":[{"count":1,"href":"https:\/\/www.ifmarinvast.se\/orientering\/wp-json\/wp\/v2\/posts\/1435\/revisions"}],"predecessor-version":[{"id":3033,"href":"https:\/\/www.ifmarinvast.se\/orientering\/wp-json\/wp\/v2\/posts\/1435\/revisions\/3033"}],"wp:attachment":[{"href":"https:\/\/www.ifmarinvast.se\/orientering\/wp-json\/wp\/v2\/media?parent=1435"}],"wp:term":[{"taxonomy":"category","embeddable":true,"href":"https:\/\/www.ifmarinvast.se\/orientering\/wp-json\/wp\/v2\/categories?post=1435"},{"taxonomy":"post_tag","embeddable":true,"href":"https:\/\/www.ifmarinvast.se\/orientering\/wp-json\/wp\/v2\/tags?post=1435"}],"curies":[{"name":"wp","href":"https:\/\/api.w.org\/{rel}","templated":true}]}}