{"id":1434,"date":"2008-06-04T00:00:00","date_gmt":"2008-06-03T22:00:00","guid":{"rendered":"http:\/\/ifmarinvast.se\/2016\/varavslutning-14-juni\/"},"modified":"2015-10-11T14:38:56","modified_gmt":"2015-10-11T12:38:56","slug":"varavslutning-14-juni","status":"publish","type":"post","link":"https:\/\/www.ifmarinvast.se\/orientering\/varavslutning-14-juni\/","title":{"rendered":"V\u00e5ravslutning 14 juni"},"content":{"rendered":"<p>Den 14 juni kl 11:00 \u00e4r det v\u00e5ravslutning i Sisj\u00f6n. Parkering vid Fr\u00f6lunda OL:s klubbstugan, sedan g\u00e5r man ca 500m \u00f6sterut mot sj\u00f6n s\u00e5 hittar man TC. <\/p>\n<p>Det bjuds p\u00e5 banor av varierande l\u00e4ngd och sv\u00e5rhetsgrad, bad och grillad korv. <\/p>\n<p>V\u00e4lkomna!<\/p>\n","protected":false},"excerpt":{"rendered":"<p>Den 14 juni kl 11:00 \u00e4r det v\u00e5ravslutning i Sisj\u00f6n. Parkering vid Fr\u00f6lunda OL:s klubbstugan, sedan g\u00e5r man ca 500m \u00f6sterut mot sj\u00f6n s\u00e5 hittar man TC. Det bjuds p\u00e5 [&hellip;]<\/p>\n","protected":false},"author":2,"featured_media":0,"comment_status":"open","ping_status":"open","sticky":false,"template":"","format":"standard","meta":{"footnotes":""},"categories":[262,1],"tags":[],"class_list":["post-1434","post","type-post","status-publish","format-standard","hentry","category-nyheter","category-okategoriserade"],"_links":{"self":[{"href":"https:\/\/www.ifmarinvast.se\/orientering\/wp-json\/wp\/v2\/posts\/1434","targetHints":{"allow":["GET"]}}],"collection":[{"href":"https:\/\/www.ifmarinvast.se\/orientering\/wp-json\/wp\/v2\/posts"}],"about":[{"href":"https:\/\/www.ifmarinvast.se\/orientering\/wp-json\/wp\/v2\/types\/post"}],"author":[{"embeddable":true,"href":"https:\/\/www.ifmarinvast.se\/orientering\/wp-json\/wp\/v2\/users\/2"}],"replies":[{"embeddable":true,"href":"https:\/\/www.ifmarinvast.se\/orientering\/wp-json\/wp\/v2\/comments?post=1434"}],"version-history":[{"count":1,"href":"https:\/\/www.ifmarinvast.se\/orientering\/wp-json\/wp\/v2\/posts\/1434\/revisions"}],"predecessor-version":[{"id":1530,"href":"https:\/\/www.ifmarinvast.se\/orientering\/wp-json\/wp\/v2\/posts\/1434\/revisions\/1530"}],"wp:attachment":[{"href":"https:\/\/www.ifmarinvast.se\/orientering\/wp-json\/wp\/v2\/media?parent=1434"}],"wp:term":[{"taxonomy":"category","embeddable":true,"href":"https:\/\/www.ifmarinvast.se\/orientering\/wp-json\/wp\/v2\/categories?post=1434"},{"taxonomy":"post_tag","embeddable":true,"href":"https:\/\/www.ifmarinvast.se\/orientering\/wp-json\/wp\/v2\/tags?post=1434"}],"curies":[{"name":"wp","href":"https:\/\/api.w.org\/{rel}","templated":true}]}}