{"id":1429,"date":"2008-05-16T00:00:00","date_gmt":"2008-05-15T22:00:00","guid":{"rendered":"http:\/\/ifmarinvast.se\/2016\/foton-fran-km\/"},"modified":"2015-10-11T14:38:56","modified_gmt":"2015-10-11T12:38:56","slug":"foton-fran-km","status":"publish","type":"post","link":"https:\/\/www.ifmarinvast.se\/orientering\/foton-fran-km\/","title":{"rendered":"Foton fr\u00e5n KM"},"content":{"rendered":"<p>En och annan IFMV:are fastnade \u00e4ven p\u00e5 bild i Skidklubbens fotoalbum:<\/p>\n<p>http:\/\/picasaweb.google.se\/skidklubben\/KM2008<\/p>\n","protected":false},"excerpt":{"rendered":"<p>En och annan IFMV:are fastnade \u00e4ven p\u00e5 bild i Skidklubbens fotoalbum: http:\/\/picasaweb.google.se\/skidklubben\/KM2008<\/p>\n","protected":false},"author":2,"featured_media":0,"comment_status":"open","ping_status":"open","sticky":false,"template":"","format":"standard","meta":{"footnotes":""},"categories":[262,1],"tags":[],"class_list":["post-1429","post","type-post","status-publish","format-standard","hentry","category-nyheter","category-okategoriserade"],"_links":{"self":[{"href":"https:\/\/www.ifmarinvast.se\/orientering\/wp-json\/wp\/v2\/posts\/1429","targetHints":{"allow":["GET"]}}],"collection":[{"href":"https:\/\/www.ifmarinvast.se\/orientering\/wp-json\/wp\/v2\/posts"}],"about":[{"href":"https:\/\/www.ifmarinvast.se\/orientering\/wp-json\/wp\/v2\/types\/post"}],"author":[{"embeddable":true,"href":"https:\/\/www.ifmarinvast.se\/orientering\/wp-json\/wp\/v2\/users\/2"}],"replies":[{"embeddable":true,"href":"https:\/\/www.ifmarinvast.se\/orientering\/wp-json\/wp\/v2\/comments?post=1429"}],"version-history":[{"count":1,"href":"https:\/\/www.ifmarinvast.se\/orientering\/wp-json\/wp\/v2\/posts\/1429\/revisions"}],"predecessor-version":[{"id":1532,"href":"https:\/\/www.ifmarinvast.se\/orientering\/wp-json\/wp\/v2\/posts\/1429\/revisions\/1532"}],"wp:attachment":[{"href":"https:\/\/www.ifmarinvast.se\/orientering\/wp-json\/wp\/v2\/media?parent=1429"}],"wp:term":[{"taxonomy":"category","embeddable":true,"href":"https:\/\/www.ifmarinvast.se\/orientering\/wp-json\/wp\/v2\/categories?post=1429"},{"taxonomy":"post_tag","embeddable":true,"href":"https:\/\/www.ifmarinvast.se\/orientering\/wp-json\/wp\/v2\/tags?post=1429"}],"curies":[{"name":"wp","href":"https:\/\/api.w.org\/{rel}","templated":true}]}}