{"id":1423,"date":"2008-05-04T00:00:00","date_gmt":"2008-05-03T22:00:00","guid":{"rendered":"http:\/\/ifmarinvast.se\/2016\/valkomna-pa-torsdagstraningbr\/"},"modified":"2015-10-11T14:38:57","modified_gmt":"2015-10-11T12:38:57","slug":"valkomna-pa-torsdagstraning","status":"publish","type":"post","link":"https:\/\/www.ifmarinvast.se\/orientering\/valkomna-pa-torsdagstraning\/","title":{"rendered":"V\u00e4lkomna p\u00e5 torsdagstr\u00e4ning!"},"content":{"rendered":"<p>Tr\u00e4ningen den 8 maj g\u00e5r i H\u00f6genomr\u00e5det, Fiskeb\u00e4ck. V\u00e4gvisning fr\u00e5n<br \/>\nV\u00e4sterleden Fr\u00f6lundamotet (eller f\u00f6r den som hittar b\u00e4ttre, fr\u00e5n<br \/>\nkorsningen Stora Fiskeb\u00e4cksv\u00e4gen\/Skatteg\u00e5rdsv\u00e4gen)<\/p>\n<p>Fem banor finns<br \/>\nVit 1500m<br \/>\nGul 2300m<br \/>\nR\u00f6d 3800m<br \/>\nSvart k 4300m<br \/>\nSvart l 6400m<\/p>\n<p>Start mellan 17.30 och 18.30<br \/>\nF\u00f6r de som s\u00e5 \u00f6nskar ordnas masstart kl 18. F\u00f6ranm\u00e4lan kr\u00e4vs d\u00e5, till<br \/>\nkarin@ifmv.nu senast tisdag<\/p>\n","protected":false},"excerpt":{"rendered":"<p>Tr\u00e4ningen den 8 maj g\u00e5r i H\u00f6genomr\u00e5det, Fiskeb\u00e4ck. V\u00e4gvisning fr\u00e5n V\u00e4sterleden Fr\u00f6lundamotet (eller f\u00f6r den som hittar b\u00e4ttre, fr\u00e5n korsningen Stora Fiskeb\u00e4cksv\u00e4gen\/Skatteg\u00e5rdsv\u00e4gen) Fem banor finns Vit 1500m Gul 2300m R\u00f6d [&hellip;]<\/p>\n","protected":false},"author":2,"featured_media":0,"comment_status":"open","ping_status":"open","sticky":false,"template":"","format":"standard","meta":{"footnotes":""},"categories":[262,1],"tags":[],"class_list":["post-1423","post","type-post","status-publish","format-standard","hentry","category-nyheter","category-okategoriserade"],"_links":{"self":[{"href":"https:\/\/www.ifmarinvast.se\/orientering\/wp-json\/wp\/v2\/posts\/1423","targetHints":{"allow":["GET"]}}],"collection":[{"href":"https:\/\/www.ifmarinvast.se\/orientering\/wp-json\/wp\/v2\/posts"}],"about":[{"href":"https:\/\/www.ifmarinvast.se\/orientering\/wp-json\/wp\/v2\/types\/post"}],"author":[{"embeddable":true,"href":"https:\/\/www.ifmarinvast.se\/orientering\/wp-json\/wp\/v2\/users\/2"}],"replies":[{"embeddable":true,"href":"https:\/\/www.ifmarinvast.se\/orientering\/wp-json\/wp\/v2\/comments?post=1423"}],"version-history":[{"count":2,"href":"https:\/\/www.ifmarinvast.se\/orientering\/wp-json\/wp\/v2\/posts\/1423\/revisions"}],"predecessor-version":[{"id":2041,"href":"https:\/\/www.ifmarinvast.se\/orientering\/wp-json\/wp\/v2\/posts\/1423\/revisions\/2041"}],"wp:attachment":[{"href":"https:\/\/www.ifmarinvast.se\/orientering\/wp-json\/wp\/v2\/media?parent=1423"}],"wp:term":[{"taxonomy":"category","embeddable":true,"href":"https:\/\/www.ifmarinvast.se\/orientering\/wp-json\/wp\/v2\/categories?post=1423"},{"taxonomy":"post_tag","embeddable":true,"href":"https:\/\/www.ifmarinvast.se\/orientering\/wp-json\/wp\/v2\/tags?post=1423"}],"curies":[{"name":"wp","href":"https:\/\/api.w.org\/{rel}","templated":true}]}}