{"id":1422,"date":"2008-04-29T00:00:00","date_gmt":"2008-04-28T22:00:00","guid":{"rendered":"http:\/\/ifmarinvast.se\/2016\/lordagstraning-i-ruddalen\/"},"modified":"2015-10-11T14:38:57","modified_gmt":"2015-10-11T12:38:57","slug":"lordagstraning-i-ruddalen","status":"publish","type":"post","link":"https:\/\/www.ifmarinvast.se\/orientering\/lordagstraning-i-ruddalen\/","title":{"rendered":"L\u00f6rdagstr\u00e4ning i Ruddalen!"},"content":{"rendered":"<p>Nu p\u00e5 l\u00f6rdag den 3 maj \u00e4r det dags f\u00f6r v\u00e5rens sista l\u00f6rdagstr\u00e4ning. Vi samlas vid Ruddalens fotbollsplaner. Se er mail f\u00f6r v\u00e4gbeskrivning (om ni inte har f\u00e5tt n\u00e5got mail och vill ha ett, maila mig).<\/p>\n<p><a href='mailto:broberg@ifmv.nu'>broberg@ifmv.nu<\/a><\/p>\n<p>V\u00e4lkomna!<\/p>\n","protected":false},"excerpt":{"rendered":"<p>Nu p\u00e5 l\u00f6rdag den 3 maj \u00e4r det dags f\u00f6r v\u00e5rens sista l\u00f6rdagstr\u00e4ning. Vi samlas vid Ruddalens fotbollsplaner. Se er mail f\u00f6r v\u00e4gbeskrivning (om ni inte har f\u00e5tt n\u00e5got mail [&hellip;]<\/p>\n","protected":false},"author":2,"featured_media":0,"comment_status":"open","ping_status":"open","sticky":false,"template":"","format":"standard","meta":{"footnotes":""},"categories":[262,1],"tags":[],"class_list":["post-1422","post","type-post","status-publish","format-standard","hentry","category-nyheter","category-okategoriserade"],"_links":{"self":[{"href":"https:\/\/www.ifmarinvast.se\/orientering\/wp-json\/wp\/v2\/posts\/1422","targetHints":{"allow":["GET"]}}],"collection":[{"href":"https:\/\/www.ifmarinvast.se\/orientering\/wp-json\/wp\/v2\/posts"}],"about":[{"href":"https:\/\/www.ifmarinvast.se\/orientering\/wp-json\/wp\/v2\/types\/post"}],"author":[{"embeddable":true,"href":"https:\/\/www.ifmarinvast.se\/orientering\/wp-json\/wp\/v2\/users\/2"}],"replies":[{"embeddable":true,"href":"https:\/\/www.ifmarinvast.se\/orientering\/wp-json\/wp\/v2\/comments?post=1422"}],"version-history":[{"count":2,"href":"https:\/\/www.ifmarinvast.se\/orientering\/wp-json\/wp\/v2\/posts\/1422\/revisions"}],"predecessor-version":[{"id":2033,"href":"https:\/\/www.ifmarinvast.se\/orientering\/wp-json\/wp\/v2\/posts\/1422\/revisions\/2033"}],"wp:attachment":[{"href":"https:\/\/www.ifmarinvast.se\/orientering\/wp-json\/wp\/v2\/media?parent=1422"}],"wp:term":[{"taxonomy":"category","embeddable":true,"href":"https:\/\/www.ifmarinvast.se\/orientering\/wp-json\/wp\/v2\/categories?post=1422"},{"taxonomy":"post_tag","embeddable":true,"href":"https:\/\/www.ifmarinvast.se\/orientering\/wp-json\/wp\/v2\/tags?post=1422"}],"curies":[{"name":"wp","href":"https:\/\/api.w.org\/{rel}","templated":true}]}}