{"id":1415,"date":"2008-04-14T00:00:00","date_gmt":"2008-04-13T22:00:00","guid":{"rendered":"http:\/\/ifmarinvast.se\/2016\/torsdagstraning-17-april\/"},"modified":"2015-10-11T14:39:08","modified_gmt":"2015-10-11T12:39:08","slug":"torsdagstraning-17-april","status":"publish","type":"post","link":"https:\/\/www.ifmarinvast.se\/orientering\/torsdagstraning-17-april\/","title":{"rendered":"Torsdagstr\u00e4ning 17 april"},"content":{"rendered":"<p>Inritning av banor och start p\u00e5 Ruddalens parkeringsplats 17.30 \u2013 18.30.<\/p>\n<p>Banor:<br \/>Svart 5,8 km.<br \/>Svart 3,6 km.<br \/>R\u00f6d 3,5 km.<br \/>Gul 1,9 km <\/p>\n<p>OBS! Omr\u00e5det \u00e4r avlyst f\u00f6r de l\u00f6pare som kommer att springa Junior VM 2008. <\/p>\n<p>Stefan &#038; Torbj\u00f6rn <br \/>Fr\u00f6lunda OL<\/p>\n","protected":false},"excerpt":{"rendered":"<p>Inritning av banor och start p\u00e5 Ruddalens parkeringsplats 17.30 \u2013 18.30. Banor:Svart 5,8 km.Svart 3,6 km.R\u00f6d 3,5 km.Gul 1,9 km OBS! Omr\u00e5det \u00e4r avlyst f\u00f6r de l\u00f6pare som kommer att [&hellip;]<\/p>\n","protected":false},"author":2,"featured_media":0,"comment_status":"open","ping_status":"open","sticky":false,"template":"","format":"standard","meta":{"footnotes":""},"categories":[262,1],"tags":[],"class_list":["post-1415","post","type-post","status-publish","format-standard","hentry","category-nyheter","category-okategoriserade"],"_links":{"self":[{"href":"https:\/\/www.ifmarinvast.se\/orientering\/wp-json\/wp\/v2\/posts\/1415","targetHints":{"allow":["GET"]}}],"collection":[{"href":"https:\/\/www.ifmarinvast.se\/orientering\/wp-json\/wp\/v2\/posts"}],"about":[{"href":"https:\/\/www.ifmarinvast.se\/orientering\/wp-json\/wp\/v2\/types\/post"}],"author":[{"embeddable":true,"href":"https:\/\/www.ifmarinvast.se\/orientering\/wp-json\/wp\/v2\/users\/2"}],"replies":[{"embeddable":true,"href":"https:\/\/www.ifmarinvast.se\/orientering\/wp-json\/wp\/v2\/comments?post=1415"}],"version-history":[{"count":1,"href":"https:\/\/www.ifmarinvast.se\/orientering\/wp-json\/wp\/v2\/posts\/1415\/revisions"}],"predecessor-version":[{"id":1541,"href":"https:\/\/www.ifmarinvast.se\/orientering\/wp-json\/wp\/v2\/posts\/1415\/revisions\/1541"}],"wp:attachment":[{"href":"https:\/\/www.ifmarinvast.se\/orientering\/wp-json\/wp\/v2\/media?parent=1415"}],"wp:term":[{"taxonomy":"category","embeddable":true,"href":"https:\/\/www.ifmarinvast.se\/orientering\/wp-json\/wp\/v2\/categories?post=1415"},{"taxonomy":"post_tag","embeddable":true,"href":"https:\/\/www.ifmarinvast.se\/orientering\/wp-json\/wp\/v2\/tags?post=1415"}],"curies":[{"name":"wp","href":"https:\/\/api.w.org\/{rel}","templated":true}]}}