{"id":1413,"date":"2008-03-25T00:00:00","date_gmt":"2008-03-24T23:00:00","guid":{"rendered":"http:\/\/ifmarinvast.se\/2016\/lordagstraningen-byter-skog\/"},"modified":"2015-10-11T14:39:09","modified_gmt":"2015-10-11T12:39:09","slug":"lordagstraningen-byter-skog","status":"publish","type":"post","link":"https:\/\/www.ifmarinvast.se\/orientering\/lordagstraningen-byter-skog\/","title":{"rendered":"L\u00f6rdagstr\u00e4ningen byter skog!"},"content":{"rendered":"<p>Pga av diverse orsaker, d\u00e4ribland vinterv\u00e4dret, kommer l\u00f6rdagstr\u00e4ningen den 29 mars att flyttas fr\u00e5n Sisj\u00f6n till P\u00e5velund. TC kommer att vara vid motionscentralen och man kan starta mellan 10 och 10.30.<\/p>\n<p>Vid fr\u00e5gor, kontakta Anna B.<\/p>\n<p>Varmt v\u00e4lkomna till vinterorientering i P\u00e5velund nu p\u00e5 l\u00f6rdag!<\/p>\n","protected":false},"excerpt":{"rendered":"<p>Pga av diverse orsaker, d\u00e4ribland vinterv\u00e4dret, kommer l\u00f6rdagstr\u00e4ningen den 29 mars att flyttas fr\u00e5n Sisj\u00f6n till P\u00e5velund. TC kommer att vara vid motionscentralen och man kan starta mellan 10 och [&hellip;]<\/p>\n","protected":false},"author":2,"featured_media":0,"comment_status":"open","ping_status":"open","sticky":false,"template":"","format":"standard","meta":{"footnotes":""},"categories":[262,1],"tags":[],"class_list":["post-1413","post","type-post","status-publish","format-standard","hentry","category-nyheter","category-okategoriserade"],"_links":{"self":[{"href":"https:\/\/www.ifmarinvast.se\/orientering\/wp-json\/wp\/v2\/posts\/1413","targetHints":{"allow":["GET"]}}],"collection":[{"href":"https:\/\/www.ifmarinvast.se\/orientering\/wp-json\/wp\/v2\/posts"}],"about":[{"href":"https:\/\/www.ifmarinvast.se\/orientering\/wp-json\/wp\/v2\/types\/post"}],"author":[{"embeddable":true,"href":"https:\/\/www.ifmarinvast.se\/orientering\/wp-json\/wp\/v2\/users\/2"}],"replies":[{"embeddable":true,"href":"https:\/\/www.ifmarinvast.se\/orientering\/wp-json\/wp\/v2\/comments?post=1413"}],"version-history":[{"count":1,"href":"https:\/\/www.ifmarinvast.se\/orientering\/wp-json\/wp\/v2\/posts\/1413\/revisions"}],"predecessor-version":[{"id":2031,"href":"https:\/\/www.ifmarinvast.se\/orientering\/wp-json\/wp\/v2\/posts\/1413\/revisions\/2031"}],"wp:attachment":[{"href":"https:\/\/www.ifmarinvast.se\/orientering\/wp-json\/wp\/v2\/media?parent=1413"}],"wp:term":[{"taxonomy":"category","embeddable":true,"href":"https:\/\/www.ifmarinvast.se\/orientering\/wp-json\/wp\/v2\/categories?post=1413"},{"taxonomy":"post_tag","embeddable":true,"href":"https:\/\/www.ifmarinvast.se\/orientering\/wp-json\/wp\/v2\/tags?post=1413"}],"curies":[{"name":"wp","href":"https:\/\/api.w.org\/{rel}","templated":true}]}}