{"id":1412,"date":"2008-03-24T00:00:00","date_gmt":"2008-03-23T23:00:00","guid":{"rendered":"http:\/\/ifmarinvast.se\/2016\/inga-tavlingar-29-30-mars\/"},"modified":"2015-10-11T14:39:09","modified_gmt":"2015-10-11T12:39:09","slug":"inga-tavlingar-29-30-mars","status":"publish","type":"post","link":"https:\/\/www.ifmarinvast.se\/orientering\/inga-tavlingar-29-30-mars\/","title":{"rendered":"Inga t\u00e4vlingar 29-30 mars"},"content":{"rendered":"<p>V\u00e5rduetten, IFK Gbgs och IF Rigors tv\u00e5 t\u00e4vlingar n\u00e4sta helg, har st\u00e4llts in pga sn\u00f6. Var inte ledsna f\u00f6r det utan dyk upp p\u00e5 l\u00f6rdagstr\u00e4ningen ist\u00e4llet!<\/p>\n<p>Det ryktas att att banorna i Sisj\u00f6n p\u00e5 l\u00f6rdag passar s\u00e4rskilt bra f\u00f6r f\u00f6r\u00e4ldrar som vill pr\u00f6va p\u00e5 f\u00f6r f\u00f6rsta g\u00e5ngen, eller f\u00f6r avdankade vuxna som inte har sprungit p\u00e5 bra l\u00e4nge&#8230; H\u00e4ng med ungdomarna dit!<\/p>\n","protected":false},"excerpt":{"rendered":"<p>V\u00e5rduetten, IFK Gbgs och IF Rigors tv\u00e5 t\u00e4vlingar n\u00e4sta helg, har st\u00e4llts in pga sn\u00f6. Var inte ledsna f\u00f6r det utan dyk upp p\u00e5 l\u00f6rdagstr\u00e4ningen ist\u00e4llet! Det ryktas att att [&hellip;]<\/p>\n","protected":false},"author":2,"featured_media":0,"comment_status":"open","ping_status":"open","sticky":false,"template":"","format":"standard","meta":{"footnotes":""},"categories":[262,1],"tags":[],"class_list":["post-1412","post","type-post","status-publish","format-standard","hentry","category-nyheter","category-okategoriserade"],"_links":{"self":[{"href":"https:\/\/www.ifmarinvast.se\/orientering\/wp-json\/wp\/v2\/posts\/1412","targetHints":{"allow":["GET"]}}],"collection":[{"href":"https:\/\/www.ifmarinvast.se\/orientering\/wp-json\/wp\/v2\/posts"}],"about":[{"href":"https:\/\/www.ifmarinvast.se\/orientering\/wp-json\/wp\/v2\/types\/post"}],"author":[{"embeddable":true,"href":"https:\/\/www.ifmarinvast.se\/orientering\/wp-json\/wp\/v2\/users\/2"}],"replies":[{"embeddable":true,"href":"https:\/\/www.ifmarinvast.se\/orientering\/wp-json\/wp\/v2\/comments?post=1412"}],"version-history":[{"count":1,"href":"https:\/\/www.ifmarinvast.se\/orientering\/wp-json\/wp\/v2\/posts\/1412\/revisions"}],"predecessor-version":[{"id":2030,"href":"https:\/\/www.ifmarinvast.se\/orientering\/wp-json\/wp\/v2\/posts\/1412\/revisions\/2030"}],"wp:attachment":[{"href":"https:\/\/www.ifmarinvast.se\/orientering\/wp-json\/wp\/v2\/media?parent=1412"}],"wp:term":[{"taxonomy":"category","embeddable":true,"href":"https:\/\/www.ifmarinvast.se\/orientering\/wp-json\/wp\/v2\/categories?post=1412"},{"taxonomy":"post_tag","embeddable":true,"href":"https:\/\/www.ifmarinvast.se\/orientering\/wp-json\/wp\/v2\/tags?post=1412"}],"curies":[{"name":"wp","href":"https:\/\/api.w.org\/{rel}","templated":true}]}}