{"id":1411,"date":"2008-03-20T00:00:00","date_gmt":"2008-03-19T23:00:00","guid":{"rendered":"http:\/\/ifmarinvast.se\/2016\/varens-lordagstraningar\/"},"modified":"2015-10-11T14:39:09","modified_gmt":"2015-10-11T12:39:09","slug":"varens-lordagstraningar","status":"publish","type":"post","link":"https:\/\/www.ifmarinvast.se\/orientering\/varens-lordagstraningar\/","title":{"rendered":"V\u00e5rens l\u00f6rdagstr\u00e4ningar"},"content":{"rendered":"<p>I v\u00e5r finns det fyra l\u00f6rdagstr\u00e4ningar i olika omr\u00e5den som \u00e4r \u00f6ppna f\u00f6r alla klubbens medlemmar. Det kommer att finnas banor p\u00e5 vit, orange och violett niv\u00e5. <\/p>\n<p>29 mars &#8211; Sisj\u00f6n<br \/>13 april &#8211; \u00c4ngg\u00e5rdsbergen<br \/>26 april &#8211; P\u00e5velund<br \/>3 maj &#8211; Ruddalen<\/p>\n<p>Passa p\u00e5 att komma ut i skogen och tr\u00e4ffa b\u00e5de gamla och nya klubbmedlemmar.<\/p>\n<p>Vi ses d\u00e4r!<\/p>\n","protected":false},"excerpt":{"rendered":"<p>I v\u00e5r finns det fyra l\u00f6rdagstr\u00e4ningar i olika omr\u00e5den som \u00e4r \u00f6ppna f\u00f6r alla klubbens medlemmar. Det kommer att finnas banor p\u00e5 vit, orange och violett niv\u00e5. 29 mars &#8211; [&hellip;]<\/p>\n","protected":false},"author":2,"featured_media":0,"comment_status":"open","ping_status":"open","sticky":false,"template":"","format":"standard","meta":{"footnotes":""},"categories":[262,1],"tags":[],"class_list":["post-1411","post","type-post","status-publish","format-standard","hentry","category-nyheter","category-okategoriserade"],"_links":{"self":[{"href":"https:\/\/www.ifmarinvast.se\/orientering\/wp-json\/wp\/v2\/posts\/1411","targetHints":{"allow":["GET"]}}],"collection":[{"href":"https:\/\/www.ifmarinvast.se\/orientering\/wp-json\/wp\/v2\/posts"}],"about":[{"href":"https:\/\/www.ifmarinvast.se\/orientering\/wp-json\/wp\/v2\/types\/post"}],"author":[{"embeddable":true,"href":"https:\/\/www.ifmarinvast.se\/orientering\/wp-json\/wp\/v2\/users\/2"}],"replies":[{"embeddable":true,"href":"https:\/\/www.ifmarinvast.se\/orientering\/wp-json\/wp\/v2\/comments?post=1411"}],"version-history":[{"count":1,"href":"https:\/\/www.ifmarinvast.se\/orientering\/wp-json\/wp\/v2\/posts\/1411\/revisions"}],"predecessor-version":[{"id":2029,"href":"https:\/\/www.ifmarinvast.se\/orientering\/wp-json\/wp\/v2\/posts\/1411\/revisions\/2029"}],"wp:attachment":[{"href":"https:\/\/www.ifmarinvast.se\/orientering\/wp-json\/wp\/v2\/media?parent=1411"}],"wp:term":[{"taxonomy":"category","embeddable":true,"href":"https:\/\/www.ifmarinvast.se\/orientering\/wp-json\/wp\/v2\/categories?post=1411"},{"taxonomy":"post_tag","embeddable":true,"href":"https:\/\/www.ifmarinvast.se\/orientering\/wp-json\/wp\/v2\/tags?post=1411"}],"curies":[{"name":"wp","href":"https:\/\/api.w.org\/{rel}","templated":true}]}}