{"id":1409,"date":"2008-03-15T00:00:00","date_gmt":"2008-03-14T23:00:00","guid":{"rendered":"http:\/\/ifmarinvast.se\/2016\/tavlingskalendern-2008-i-funktion\/"},"modified":"2015-10-11T14:39:09","modified_gmt":"2015-10-11T12:39:09","slug":"tavlingskalendern-2008-i-funktion","status":"publish","type":"post","link":"https:\/\/www.ifmarinvast.se\/orientering\/tavlingskalendern-2008-i-funktion\/","title":{"rendered":"T\u00e4vlingskalendern 2008 i funktion"},"content":{"rendered":"<p>Anders J har lagt upp v\u00e5rens t\u00e4vlingar i kalendern under T\u00e4vlingar h\u00e4r till v\u00e4nster, s\u00e5 nu kan man hitta inbjudan och information samt anm\u00e4la sig till t\u00e4vlingar som vanligt. Klubbt\u00e4vlingar, den f\u00f6rsta g\u00e5r p\u00e5 annandag p\u00e5sk, betalar sektionen anm\u00e4lsningsavgifterna \u00e4ven f\u00f6r vuxna.<\/p>\n<p>Passa p\u00e5 att kolla upp vilka t\u00e4vlingar ni vill springa i v\u00e5r! I maj tillkommer V\u00e5rserien f\u00f6r ungdomarna, och ytterligare t\u00e4vlingar kan ni hitta i Klubben Online om ni f\u00f6ljer l\u00e4nken fr\u00e5n T\u00e4vlingar.<\/p>\n","protected":false},"excerpt":{"rendered":"<p>Anders J har lagt upp v\u00e5rens t\u00e4vlingar i kalendern under T\u00e4vlingar h\u00e4r till v\u00e4nster, s\u00e5 nu kan man hitta inbjudan och information samt anm\u00e4la sig till t\u00e4vlingar som vanligt. Klubbt\u00e4vlingar, [&hellip;]<\/p>\n","protected":false},"author":2,"featured_media":0,"comment_status":"open","ping_status":"open","sticky":false,"template":"","format":"standard","meta":{"footnotes":""},"categories":[262,1],"tags":[],"class_list":["post-1409","post","type-post","status-publish","format-standard","hentry","category-nyheter","category-okategoriserade"],"_links":{"self":[{"href":"https:\/\/www.ifmarinvast.se\/orientering\/wp-json\/wp\/v2\/posts\/1409","targetHints":{"allow":["GET"]}}],"collection":[{"href":"https:\/\/www.ifmarinvast.se\/orientering\/wp-json\/wp\/v2\/posts"}],"about":[{"href":"https:\/\/www.ifmarinvast.se\/orientering\/wp-json\/wp\/v2\/types\/post"}],"author":[{"embeddable":true,"href":"https:\/\/www.ifmarinvast.se\/orientering\/wp-json\/wp\/v2\/users\/2"}],"replies":[{"embeddable":true,"href":"https:\/\/www.ifmarinvast.se\/orientering\/wp-json\/wp\/v2\/comments?post=1409"}],"version-history":[{"count":1,"href":"https:\/\/www.ifmarinvast.se\/orientering\/wp-json\/wp\/v2\/posts\/1409\/revisions"}],"predecessor-version":[{"id":2027,"href":"https:\/\/www.ifmarinvast.se\/orientering\/wp-json\/wp\/v2\/posts\/1409\/revisions\/2027"}],"wp:attachment":[{"href":"https:\/\/www.ifmarinvast.se\/orientering\/wp-json\/wp\/v2\/media?parent=1409"}],"wp:term":[{"taxonomy":"category","embeddable":true,"href":"https:\/\/www.ifmarinvast.se\/orientering\/wp-json\/wp\/v2\/categories?post=1409"},{"taxonomy":"post_tag","embeddable":true,"href":"https:\/\/www.ifmarinvast.se\/orientering\/wp-json\/wp\/v2\/tags?post=1409"}],"curies":[{"name":"wp","href":"https:\/\/api.w.org\/{rel}","templated":true}]}}