{"id":1407,"date":"2008-03-11T00:00:00","date_gmt":"2008-03-10T23:00:00","guid":{"rendered":"http:\/\/ifmarinvast.se\/2016\/dags-att-anmala-sig\/"},"modified":"2015-10-11T14:39:09","modified_gmt":"2015-10-11T12:39:09","slug":"dags-att-anmala-sig","status":"publish","type":"post","link":"https:\/\/www.ifmarinvast.se\/orientering\/dags-att-anmala-sig\/","title":{"rendered":"Dags att anm\u00e4la sig!"},"content":{"rendered":"<p>Nu \u00e4r det dags att anm\u00e4la sig till \u00e5rets f\u00f6rsta klubbt\u00e4vling som arrangeras av Uven den 24 mars. Sista ordinarie anm\u00e4lan \u00e4r den 12 mars! Mer info finns p\u00e5 Uvens hemsida.<\/p>\n","protected":false},"excerpt":{"rendered":"<p>Nu \u00e4r det dags att anm\u00e4la sig till \u00e5rets f\u00f6rsta klubbt\u00e4vling som arrangeras av Uven den 24 mars. Sista ordinarie anm\u00e4lan \u00e4r den 12 mars! Mer info finns p\u00e5 Uvens [&hellip;]<\/p>\n","protected":false},"author":2,"featured_media":0,"comment_status":"open","ping_status":"open","sticky":false,"template":"","format":"standard","meta":{"footnotes":""},"categories":[262,1],"tags":[],"class_list":["post-1407","post","type-post","status-publish","format-standard","hentry","category-nyheter","category-okategoriserade"],"_links":{"self":[{"href":"https:\/\/www.ifmarinvast.se\/orientering\/wp-json\/wp\/v2\/posts\/1407","targetHints":{"allow":["GET"]}}],"collection":[{"href":"https:\/\/www.ifmarinvast.se\/orientering\/wp-json\/wp\/v2\/posts"}],"about":[{"href":"https:\/\/www.ifmarinvast.se\/orientering\/wp-json\/wp\/v2\/types\/post"}],"author":[{"embeddable":true,"href":"https:\/\/www.ifmarinvast.se\/orientering\/wp-json\/wp\/v2\/users\/2"}],"replies":[{"embeddable":true,"href":"https:\/\/www.ifmarinvast.se\/orientering\/wp-json\/wp\/v2\/comments?post=1407"}],"version-history":[{"count":1,"href":"https:\/\/www.ifmarinvast.se\/orientering\/wp-json\/wp\/v2\/posts\/1407\/revisions"}],"predecessor-version":[{"id":2026,"href":"https:\/\/www.ifmarinvast.se\/orientering\/wp-json\/wp\/v2\/posts\/1407\/revisions\/2026"}],"wp:attachment":[{"href":"https:\/\/www.ifmarinvast.se\/orientering\/wp-json\/wp\/v2\/media?parent=1407"}],"wp:term":[{"taxonomy":"category","embeddable":true,"href":"https:\/\/www.ifmarinvast.se\/orientering\/wp-json\/wp\/v2\/categories?post=1407"},{"taxonomy":"post_tag","embeddable":true,"href":"https:\/\/www.ifmarinvast.se\/orientering\/wp-json\/wp\/v2\/tags?post=1407"}],"curies":[{"name":"wp","href":"https:\/\/api.w.org\/{rel}","templated":true}]}}