{"id":1404,"date":"2008-02-29T00:00:00","date_gmt":"2008-02-28T23:00:00","guid":{"rendered":"http:\/\/ifmarinvast.se\/2016\/arsmote-och-fest-pa-lordag-1-mars\/"},"modified":"2015-10-11T14:39:10","modified_gmt":"2015-10-11T12:39:10","slug":"arsmote-och-fest-pa-lordag-1-mars","status":"publish","type":"post","link":"https:\/\/www.ifmarinvast.se\/orientering\/arsmote-och-fest-pa-lordag-1-mars\/","title":{"rendered":"\u00c5rsm\u00f6te och fest p\u00e5 l\u00f6rdag 1 mars"},"content":{"rendered":"<p>IF Marin V\u00e4sts \u00e5rsm\u00f6te h\u00e5lls l\u00f6rdagen 1 mars 2008 kl. 11.00 i \u00c4FFs klubbstuga vid P\u00e5velundsplan &#8211; alla medlemmar \u00e4r v\u00e4lkomna! Dagordningen hittar ni under Gamla notiser nedan.<\/p>\n<p>Klubbfesten h\u00e5lls i samma lokal kl 19.00 f\u00f6r dem som har anm\u00e4lt sig, 50kr per person betalas i d\u00f6rren.<\/p>\n<p>Vi syns imorgon!<\/p>\n","protected":false},"excerpt":{"rendered":"<p>IF Marin V\u00e4sts \u00e5rsm\u00f6te h\u00e5lls l\u00f6rdagen 1 mars 2008 kl. 11.00 i \u00c4FFs klubbstuga vid P\u00e5velundsplan &#8211; alla medlemmar \u00e4r v\u00e4lkomna! Dagordningen hittar ni under Gamla notiser nedan. Klubbfesten h\u00e5lls [&hellip;]<\/p>\n","protected":false},"author":2,"featured_media":0,"comment_status":"open","ping_status":"open","sticky":false,"template":"","format":"standard","meta":{"footnotes":""},"categories":[262,1],"tags":[],"class_list":["post-1404","post","type-post","status-publish","format-standard","hentry","category-nyheter","category-okategoriserade"],"_links":{"self":[{"href":"https:\/\/www.ifmarinvast.se\/orientering\/wp-json\/wp\/v2\/posts\/1404","targetHints":{"allow":["GET"]}}],"collection":[{"href":"https:\/\/www.ifmarinvast.se\/orientering\/wp-json\/wp\/v2\/posts"}],"about":[{"href":"https:\/\/www.ifmarinvast.se\/orientering\/wp-json\/wp\/v2\/types\/post"}],"author":[{"embeddable":true,"href":"https:\/\/www.ifmarinvast.se\/orientering\/wp-json\/wp\/v2\/users\/2"}],"replies":[{"embeddable":true,"href":"https:\/\/www.ifmarinvast.se\/orientering\/wp-json\/wp\/v2\/comments?post=1404"}],"version-history":[{"count":1,"href":"https:\/\/www.ifmarinvast.se\/orientering\/wp-json\/wp\/v2\/posts\/1404\/revisions"}],"predecessor-version":[{"id":2024,"href":"https:\/\/www.ifmarinvast.se\/orientering\/wp-json\/wp\/v2\/posts\/1404\/revisions\/2024"}],"wp:attachment":[{"href":"https:\/\/www.ifmarinvast.se\/orientering\/wp-json\/wp\/v2\/media?parent=1404"}],"wp:term":[{"taxonomy":"category","embeddable":true,"href":"https:\/\/www.ifmarinvast.se\/orientering\/wp-json\/wp\/v2\/categories?post=1404"},{"taxonomy":"post_tag","embeddable":true,"href":"https:\/\/www.ifmarinvast.se\/orientering\/wp-json\/wp\/v2\/tags?post=1404"}],"curies":[{"name":"wp","href":"https:\/\/api.w.org\/{rel}","templated":true}]}}