{"id":1403,"date":"2008-02-23T00:00:00","date_gmt":"2008-02-22T23:00:00","guid":{"rendered":"http:\/\/ifmarinvast.se\/2016\/franska-sexdagars-i-augusti\/"},"modified":"2015-10-11T14:39:10","modified_gmt":"2015-10-11T12:39:10","slug":"franska-sexdagars-i-augusti","status":"publish","type":"post","link":"https:\/\/www.ifmarinvast.se\/orientering\/franska-sexdagars-i-augusti\/","title":{"rendered":"Franska sexdagars i augusti?"},"content":{"rendered":"<p>IFMVs ambassad\u00f6r i Frankrike v\u00e4lkomnar till franska sexdagars i b\u00f6rjan av augusti, o h\u00e4lsar att v\u00e4rldsm\u00e4staren Thierry Gueorgiou kommer (och tycker att terrr\u00e4ngen \u00e4r sv\u00e5r).<\/p>\n<p>L\u00e4s sj\u00e4lva p\u00e5<br \/>http:\/\/www.cdco12.org\/6J2008\/index.php?idC=_70<\/p>\n","protected":false},"excerpt":{"rendered":"<p>IFMVs ambassad\u00f6r i Frankrike v\u00e4lkomnar till franska sexdagars i b\u00f6rjan av augusti, o h\u00e4lsar att v\u00e4rldsm\u00e4staren Thierry Gueorgiou kommer (och tycker att terrr\u00e4ngen \u00e4r sv\u00e5r). L\u00e4s sj\u00e4lva p\u00e5http:\/\/www.cdco12.org\/6J2008\/index.php?idC=_70<\/p>\n","protected":false},"author":2,"featured_media":0,"comment_status":"open","ping_status":"open","sticky":false,"template":"","format":"standard","meta":{"footnotes":""},"categories":[262,1],"tags":[],"class_list":["post-1403","post","type-post","status-publish","format-standard","hentry","category-nyheter","category-okategoriserade"],"_links":{"self":[{"href":"https:\/\/www.ifmarinvast.se\/orientering\/wp-json\/wp\/v2\/posts\/1403","targetHints":{"allow":["GET"]}}],"collection":[{"href":"https:\/\/www.ifmarinvast.se\/orientering\/wp-json\/wp\/v2\/posts"}],"about":[{"href":"https:\/\/www.ifmarinvast.se\/orientering\/wp-json\/wp\/v2\/types\/post"}],"author":[{"embeddable":true,"href":"https:\/\/www.ifmarinvast.se\/orientering\/wp-json\/wp\/v2\/users\/2"}],"replies":[{"embeddable":true,"href":"https:\/\/www.ifmarinvast.se\/orientering\/wp-json\/wp\/v2\/comments?post=1403"}],"version-history":[{"count":1,"href":"https:\/\/www.ifmarinvast.se\/orientering\/wp-json\/wp\/v2\/posts\/1403\/revisions"}],"predecessor-version":[{"id":2023,"href":"https:\/\/www.ifmarinvast.se\/orientering\/wp-json\/wp\/v2\/posts\/1403\/revisions\/2023"}],"wp:attachment":[{"href":"https:\/\/www.ifmarinvast.se\/orientering\/wp-json\/wp\/v2\/media?parent=1403"}],"wp:term":[{"taxonomy":"category","embeddable":true,"href":"https:\/\/www.ifmarinvast.se\/orientering\/wp-json\/wp\/v2\/categories?post=1403"},{"taxonomy":"post_tag","embeddable":true,"href":"https:\/\/www.ifmarinvast.se\/orientering\/wp-json\/wp\/v2\/tags?post=1403"}],"curies":[{"name":"wp","href":"https:\/\/api.w.org\/{rel}","templated":true}]}}