{"id":1402,"date":"2008-02-23T00:00:00","date_gmt":"2008-02-22T23:00:00","guid":{"rendered":"http:\/\/ifmarinvast.se\/2016\/anmal-till-o-ringen\/"},"modified":"2015-10-11T14:39:10","modified_gmt":"2015-10-11T12:39:10","slug":"anmal-till-o-ringen","status":"publish","type":"post","link":"https:\/\/www.ifmarinvast.se\/orientering\/anmal-till-o-ringen\/","title":{"rendered":"Anm\u00e4l till O-ringen!"},"content":{"rendered":"<p>N\u00e4sta helg (1 mars) \u00e4r n\u00e4sta anm\u00e4lningsstopp till O-ringen. Ni som \u00e4r sugna p\u00e5 att springa kan allts\u00e5 passa p\u00e5 att anm\u00e4la er senast d\u00e5, f\u00f6r att f\u00e5 s\u00e5 l\u00e5g avgift som m\u00f6jligt. T\u00e4vlingarna g\u00e5r i S\u00e4len v30, och enligt gammal god tradition blir det klubbboende (Bengt A organiserar) som alla IFMV:are \u00e4r v\u00e4lkomna att dela!<\/p>\n<p>F\u00f6r mer info:<br \/>T\u00e4vlingen &#8211; http:\/\/www.oringen.se<br \/>Boendet &#8211; balkdal@gmail.com<\/p>\n","protected":false},"excerpt":{"rendered":"<p>N\u00e4sta helg (1 mars) \u00e4r n\u00e4sta anm\u00e4lningsstopp till O-ringen. Ni som \u00e4r sugna p\u00e5 att springa kan allts\u00e5 passa p\u00e5 att anm\u00e4la er senast d\u00e5, f\u00f6r att f\u00e5 s\u00e5 l\u00e5g [&hellip;]<\/p>\n","protected":false},"author":2,"featured_media":0,"comment_status":"open","ping_status":"open","sticky":false,"template":"","format":"standard","meta":{"footnotes":""},"categories":[262,1],"tags":[],"class_list":["post-1402","post","type-post","status-publish","format-standard","hentry","category-nyheter","category-okategoriserade"],"_links":{"self":[{"href":"https:\/\/www.ifmarinvast.se\/orientering\/wp-json\/wp\/v2\/posts\/1402","targetHints":{"allow":["GET"]}}],"collection":[{"href":"https:\/\/www.ifmarinvast.se\/orientering\/wp-json\/wp\/v2\/posts"}],"about":[{"href":"https:\/\/www.ifmarinvast.se\/orientering\/wp-json\/wp\/v2\/types\/post"}],"author":[{"embeddable":true,"href":"https:\/\/www.ifmarinvast.se\/orientering\/wp-json\/wp\/v2\/users\/2"}],"replies":[{"embeddable":true,"href":"https:\/\/www.ifmarinvast.se\/orientering\/wp-json\/wp\/v2\/comments?post=1402"}],"version-history":[{"count":1,"href":"https:\/\/www.ifmarinvast.se\/orientering\/wp-json\/wp\/v2\/posts\/1402\/revisions"}],"predecessor-version":[{"id":2022,"href":"https:\/\/www.ifmarinvast.se\/orientering\/wp-json\/wp\/v2\/posts\/1402\/revisions\/2022"}],"wp:attachment":[{"href":"https:\/\/www.ifmarinvast.se\/orientering\/wp-json\/wp\/v2\/media?parent=1402"}],"wp:term":[{"taxonomy":"category","embeddable":true,"href":"https:\/\/www.ifmarinvast.se\/orientering\/wp-json\/wp\/v2\/categories?post=1402"},{"taxonomy":"post_tag","embeddable":true,"href":"https:\/\/www.ifmarinvast.se\/orientering\/wp-json\/wp\/v2\/tags?post=1402"}],"curies":[{"name":"wp","href":"https:\/\/api.w.org\/{rel}","templated":true}]}}