{"id":1400,"date":"2008-02-03T00:00:00","date_gmt":"2008-02-02T23:00:00","guid":{"rendered":"http:\/\/ifmarinvast.se\/2016\/fest\/"},"modified":"2015-10-11T14:39:10","modified_gmt":"2015-10-11T12:39:10","slug":"fest","status":"publish","type":"post","link":"https:\/\/www.ifmarinvast.se\/orientering\/fest\/","title":{"rendered":"FEST!"},"content":{"rendered":"<p>IFMV fyller 65 \u00e5r och det ska vi fira!<br \/>Varmt v\u00e4lkomna alla aktiva i orienteringssektionen. L\u00f6rdagen den 1 mars kl.19.00 till \u00c4lvsborgs fotbollslokal. D\u00e4r dukar vi upp en h\u00e4rlig v\u00e5r buff\u00e9 med mycket sm\u00e5tt &#038; gott. Anm\u00e4l Dig &#038; din respektive till jennie.nord@gmail.com  . Kostnad 50:-\/pers.betalas i \u00e9ntren.Anm\u00e4lan \u00e4r bindande samt ev.allergi el.veg.b\u00f6r anges i mailet.Obs. Vi har 70 platser &#8211; s\u00e5 f\u00f6rst till kvarn&#8230;<br \/>V\u00e4lkoma!<\/p>\n","protected":false},"excerpt":{"rendered":"<p>IFMV fyller 65 \u00e5r och det ska vi fira!Varmt v\u00e4lkomna alla aktiva i orienteringssektionen. L\u00f6rdagen den 1 mars kl.19.00 till \u00c4lvsborgs fotbollslokal. D\u00e4r dukar vi upp en h\u00e4rlig v\u00e5r buff\u00e9 [&hellip;]<\/p>\n","protected":false},"author":2,"featured_media":0,"comment_status":"open","ping_status":"open","sticky":false,"template":"","format":"standard","meta":{"footnotes":""},"categories":[262,1],"tags":[],"class_list":["post-1400","post","type-post","status-publish","format-standard","hentry","category-nyheter","category-okategoriserade"],"_links":{"self":[{"href":"https:\/\/www.ifmarinvast.se\/orientering\/wp-json\/wp\/v2\/posts\/1400","targetHints":{"allow":["GET"]}}],"collection":[{"href":"https:\/\/www.ifmarinvast.se\/orientering\/wp-json\/wp\/v2\/posts"}],"about":[{"href":"https:\/\/www.ifmarinvast.se\/orientering\/wp-json\/wp\/v2\/types\/post"}],"author":[{"embeddable":true,"href":"https:\/\/www.ifmarinvast.se\/orientering\/wp-json\/wp\/v2\/users\/2"}],"replies":[{"embeddable":true,"href":"https:\/\/www.ifmarinvast.se\/orientering\/wp-json\/wp\/v2\/comments?post=1400"}],"version-history":[{"count":1,"href":"https:\/\/www.ifmarinvast.se\/orientering\/wp-json\/wp\/v2\/posts\/1400\/revisions"}],"predecessor-version":[{"id":2020,"href":"https:\/\/www.ifmarinvast.se\/orientering\/wp-json\/wp\/v2\/posts\/1400\/revisions\/2020"}],"wp:attachment":[{"href":"https:\/\/www.ifmarinvast.se\/orientering\/wp-json\/wp\/v2\/media?parent=1400"}],"wp:term":[{"taxonomy":"category","embeddable":true,"href":"https:\/\/www.ifmarinvast.se\/orientering\/wp-json\/wp\/v2\/categories?post=1400"},{"taxonomy":"post_tag","embeddable":true,"href":"https:\/\/www.ifmarinvast.se\/orientering\/wp-json\/wp\/v2\/tags?post=1400"}],"curies":[{"name":"wp","href":"https:\/\/api.w.org\/{rel}","templated":true}]}}