{"id":1397,"date":"2008-02-01T00:00:00","date_gmt":"2008-01-31T23:00:00","guid":{"rendered":"http:\/\/ifmarinvast.se\/2016\/kallelse-till-arsmote-2008\/"},"modified":"2015-10-11T14:39:23","modified_gmt":"2015-10-11T12:39:23","slug":"kallelse-till-arsmote-2008","status":"publish","type":"post","link":"https:\/\/www.ifmarinvast.se\/orientering\/kallelse-till-arsmote-2008\/","title":{"rendered":"Kallelse till \u00e5rsm\u00f6te 2008"},"content":{"rendered":"<p>Kallelse till ordinarie f\u00f6reningsst\u00e4mma IF Marin V\u00e4st 1 mars 2008 kl. 11.00.<\/p>\n<p>\u00c4rende som medlem \u00f6nskar h\u00e4nskjuta till ordinarie f\u00f6reningsst\u00e4mma skall <br \/>skriftligen anm\u00e4las till styrelsen senast 28 februari 2008. <\/p>\n<p>Se <a href='http:\/\/www.ifmv.nu\/dokument\/Kallelse_arsmote_1_3_2008.pdf'>dagordningen i PDFen, klicka h\u00e4r \u00bb<\/a><\/p>\n","protected":false},"excerpt":{"rendered":"<p>Kallelse till ordinarie f\u00f6reningsst\u00e4mma IF Marin V\u00e4st 1 mars 2008 kl. 11.00. \u00c4rende som medlem \u00f6nskar h\u00e4nskjuta till ordinarie f\u00f6reningsst\u00e4mma skall skriftligen anm\u00e4las till styrelsen senast 28 februari 2008. Se [&hellip;]<\/p>\n","protected":false},"author":2,"featured_media":0,"comment_status":"open","ping_status":"open","sticky":false,"template":"","format":"standard","meta":{"footnotes":""},"categories":[262,1],"tags":[],"class_list":["post-1397","post","type-post","status-publish","format-standard","hentry","category-nyheter","category-okategoriserade"],"_links":{"self":[{"href":"https:\/\/www.ifmarinvast.se\/orientering\/wp-json\/wp\/v2\/posts\/1397","targetHints":{"allow":["GET"]}}],"collection":[{"href":"https:\/\/www.ifmarinvast.se\/orientering\/wp-json\/wp\/v2\/posts"}],"about":[{"href":"https:\/\/www.ifmarinvast.se\/orientering\/wp-json\/wp\/v2\/types\/post"}],"author":[{"embeddable":true,"href":"https:\/\/www.ifmarinvast.se\/orientering\/wp-json\/wp\/v2\/users\/2"}],"replies":[{"embeddable":true,"href":"https:\/\/www.ifmarinvast.se\/orientering\/wp-json\/wp\/v2\/comments?post=1397"}],"version-history":[{"count":1,"href":"https:\/\/www.ifmarinvast.se\/orientering\/wp-json\/wp\/v2\/posts\/1397\/revisions"}],"predecessor-version":[{"id":3035,"href":"https:\/\/www.ifmarinvast.se\/orientering\/wp-json\/wp\/v2\/posts\/1397\/revisions\/3035"}],"wp:attachment":[{"href":"https:\/\/www.ifmarinvast.se\/orientering\/wp-json\/wp\/v2\/media?parent=1397"}],"wp:term":[{"taxonomy":"category","embeddable":true,"href":"https:\/\/www.ifmarinvast.se\/orientering\/wp-json\/wp\/v2\/categories?post=1397"},{"taxonomy":"post_tag","embeddable":true,"href":"https:\/\/www.ifmarinvast.se\/orientering\/wp-json\/wp\/v2\/tags?post=1397"}],"curies":[{"name":"wp","href":"https:\/\/api.w.org\/{rel}","templated":true}]}}