{"id":1394,"date":"2008-01-24T00:00:00","date_gmt":"2008-01-23T23:00:00","guid":{"rendered":"http:\/\/ifmarinvast.se\/2016\/infor-vintercup-e3-och-e4\/"},"modified":"2015-10-11T14:39:23","modified_gmt":"2015-10-11T12:39:23","slug":"infor-vintercup-e3-och-e4","status":"publish","type":"post","link":"https:\/\/www.ifmarinvast.se\/orientering\/infor-vintercup-e3-och-e4\/","title":{"rendered":"Inf\u00f6r Vintercup E3 och E4"},"content":{"rendered":"<p>Citerar Uvens hemsida:<br \/>De tv\u00e5 f\u00f6ljande etapperna av Vintercupen kommer att g\u00e5:<\/p>\n<p>S\u00f6ndag 27 jan  Herkulesg\u00e5rden, start kl 10-11<br \/>S\u00f6ndag 3 feb    Finnsj\u00f6g\u00e5rden M\u00f6lnlycke <br \/>                       (v\u00e4gvisning fr\u00e5n v\u00e4gen mellan M\u00f6lndal-M\u00f6lnlycke i M\u00f6lnlycke) <br \/>                       start kl 10-11<\/p>\n<p>Herkules har inte planerat att ha n\u00e5gra nyb\u00f6rjarbanor. De som t\u00e4nkt springa vit bana f\u00e5r ist\u00e4llet springa gul bana, kanske ihop med n\u00e5gon f\u00f6r\u00e4lder. <\/p>\n<p>Medtag SportIdentPinne! Det finns pinnar att l\u00e5na f\u00f6r de som ej har<\/p>\n","protected":false},"excerpt":{"rendered":"<p>Citerar Uvens hemsida:De tv\u00e5 f\u00f6ljande etapperna av Vintercupen kommer att g\u00e5: S\u00f6ndag 27 jan Herkulesg\u00e5rden, start kl 10-11S\u00f6ndag 3 feb Finnsj\u00f6g\u00e5rden M\u00f6lnlycke (v\u00e4gvisning fr\u00e5n v\u00e4gen mellan M\u00f6lndal-M\u00f6lnlycke i M\u00f6lnlycke) start [&hellip;]<\/p>\n","protected":false},"author":2,"featured_media":0,"comment_status":"open","ping_status":"open","sticky":false,"template":"","format":"standard","meta":{"footnotes":""},"categories":[262,1],"tags":[],"class_list":["post-1394","post","type-post","status-publish","format-standard","hentry","category-nyheter","category-okategoriserade"],"_links":{"self":[{"href":"https:\/\/www.ifmarinvast.se\/orientering\/wp-json\/wp\/v2\/posts\/1394","targetHints":{"allow":["GET"]}}],"collection":[{"href":"https:\/\/www.ifmarinvast.se\/orientering\/wp-json\/wp\/v2\/posts"}],"about":[{"href":"https:\/\/www.ifmarinvast.se\/orientering\/wp-json\/wp\/v2\/types\/post"}],"author":[{"embeddable":true,"href":"https:\/\/www.ifmarinvast.se\/orientering\/wp-json\/wp\/v2\/users\/2"}],"replies":[{"embeddable":true,"href":"https:\/\/www.ifmarinvast.se\/orientering\/wp-json\/wp\/v2\/comments?post=1394"}],"version-history":[{"count":1,"href":"https:\/\/www.ifmarinvast.se\/orientering\/wp-json\/wp\/v2\/posts\/1394\/revisions"}],"predecessor-version":[{"id":2018,"href":"https:\/\/www.ifmarinvast.se\/orientering\/wp-json\/wp\/v2\/posts\/1394\/revisions\/2018"}],"wp:attachment":[{"href":"https:\/\/www.ifmarinvast.se\/orientering\/wp-json\/wp\/v2\/media?parent=1394"}],"wp:term":[{"taxonomy":"category","embeddable":true,"href":"https:\/\/www.ifmarinvast.se\/orientering\/wp-json\/wp\/v2\/categories?post=1394"},{"taxonomy":"post_tag","embeddable":true,"href":"https:\/\/www.ifmarinvast.se\/orientering\/wp-json\/wp\/v2\/tags?post=1394"}],"curies":[{"name":"wp","href":"https:\/\/api.w.org\/{rel}","templated":true}]}}