{"id":1393,"date":"2008-01-20T00:00:00","date_gmt":"2008-01-19T23:00:00","guid":{"rendered":"http:\/\/ifmarinvast.se\/2016\/vintercup-etapp-3-son-27-jan\/"},"modified":"2015-10-11T14:39:23","modified_gmt":"2015-10-11T12:39:23","slug":"vintercup-etapp-3-son-27-jan","status":"publish","type":"post","link":"https:\/\/www.ifmarinvast.se\/orientering\/vintercup-etapp-3-son-27-jan\/","title":{"rendered":"Vintercup etapp 3, s\u00f6n 27 jan"},"content":{"rendered":"<p>Upp\u00e5t f\u00f6r b\u00e5de IFMV o vintercupen totalt i K\u00e5sj\u00f6n idag &#8211; \u00e5tta respektive 158 l\u00f6pare! Vi tackar Uven f\u00f6r ett trevligt arrangemang och samlar ihop oss inf\u00f6r etapp 3 i Herkulesterr\u00e4ngen i M\u00f6lndal den 27 januari. Se FK Herkules hemsida f\u00f6r n\u00e4rmare info.<\/p>\n","protected":false},"excerpt":{"rendered":"<p>Upp\u00e5t f\u00f6r b\u00e5de IFMV o vintercupen totalt i K\u00e5sj\u00f6n idag &#8211; \u00e5tta respektive 158 l\u00f6pare! Vi tackar Uven f\u00f6r ett trevligt arrangemang och samlar ihop oss inf\u00f6r etapp 3 i [&hellip;]<\/p>\n","protected":false},"author":2,"featured_media":0,"comment_status":"open","ping_status":"open","sticky":false,"template":"","format":"standard","meta":{"footnotes":""},"categories":[262,1],"tags":[],"class_list":["post-1393","post","type-post","status-publish","format-standard","hentry","category-nyheter","category-okategoriserade"],"_links":{"self":[{"href":"https:\/\/www.ifmarinvast.se\/orientering\/wp-json\/wp\/v2\/posts\/1393","targetHints":{"allow":["GET"]}}],"collection":[{"href":"https:\/\/www.ifmarinvast.se\/orientering\/wp-json\/wp\/v2\/posts"}],"about":[{"href":"https:\/\/www.ifmarinvast.se\/orientering\/wp-json\/wp\/v2\/types\/post"}],"author":[{"embeddable":true,"href":"https:\/\/www.ifmarinvast.se\/orientering\/wp-json\/wp\/v2\/users\/2"}],"replies":[{"embeddable":true,"href":"https:\/\/www.ifmarinvast.se\/orientering\/wp-json\/wp\/v2\/comments?post=1393"}],"version-history":[{"count":1,"href":"https:\/\/www.ifmarinvast.se\/orientering\/wp-json\/wp\/v2\/posts\/1393\/revisions"}],"predecessor-version":[{"id":2017,"href":"https:\/\/www.ifmarinvast.se\/orientering\/wp-json\/wp\/v2\/posts\/1393\/revisions\/2017"}],"wp:attachment":[{"href":"https:\/\/www.ifmarinvast.se\/orientering\/wp-json\/wp\/v2\/media?parent=1393"}],"wp:term":[{"taxonomy":"category","embeddable":true,"href":"https:\/\/www.ifmarinvast.se\/orientering\/wp-json\/wp\/v2\/categories?post=1393"},{"taxonomy":"post_tag","embeddable":true,"href":"https:\/\/www.ifmarinvast.se\/orientering\/wp-json\/wp\/v2\/tags?post=1393"}],"curies":[{"name":"wp","href":"https:\/\/api.w.org\/{rel}","templated":true}]}}