{"id":1391,"date":"2008-01-07T00:00:00","date_gmt":"2008-01-06T23:00:00","guid":{"rendered":"http:\/\/ifmarinvast.se\/2016\/vintercup-13-jan\/"},"modified":"2015-10-11T14:39:23","modified_gmt":"2015-10-11T12:39:23","slug":"vintercup-13-jan","status":"publish","type":"post","link":"https:\/\/www.ifmarinvast.se\/orientering\/vintercup-13-jan\/","title":{"rendered":"Vintercup 13 jan"},"content":{"rendered":"<p>Vintercupen drar ig\u00e5ng med etapp 1 i Bunketorp nu p\u00e5 s\u00f6ndag. IK Uven arrangerar, se mer info p\u00e5 deras hemsida!<\/p>\n<p>Start kl 11-12 s\u00f6n 13 jan<\/p>\n<p>Vintercupen har banor f\u00f6r alla, med eller utan tidtagning. I \u00e5r betalar vi 30kr i startavgift, s\u00e5 kom ih\u00e5g att ha med kontanter. Brukar vara j\u00e4ttebra arrangemang, s\u00e5 ta chansen till lite orientering off season!<\/p>\n","protected":false},"excerpt":{"rendered":"<p>Vintercupen drar ig\u00e5ng med etapp 1 i Bunketorp nu p\u00e5 s\u00f6ndag. IK Uven arrangerar, se mer info p\u00e5 deras hemsida! Start kl 11-12 s\u00f6n 13 jan Vintercupen har banor f\u00f6r [&hellip;]<\/p>\n","protected":false},"author":2,"featured_media":0,"comment_status":"open","ping_status":"open","sticky":false,"template":"","format":"standard","meta":{"footnotes":""},"categories":[262,1],"tags":[],"class_list":["post-1391","post","type-post","status-publish","format-standard","hentry","category-nyheter","category-okategoriserade"],"_links":{"self":[{"href":"https:\/\/www.ifmarinvast.se\/orientering\/wp-json\/wp\/v2\/posts\/1391","targetHints":{"allow":["GET"]}}],"collection":[{"href":"https:\/\/www.ifmarinvast.se\/orientering\/wp-json\/wp\/v2\/posts"}],"about":[{"href":"https:\/\/www.ifmarinvast.se\/orientering\/wp-json\/wp\/v2\/types\/post"}],"author":[{"embeddable":true,"href":"https:\/\/www.ifmarinvast.se\/orientering\/wp-json\/wp\/v2\/users\/2"}],"replies":[{"embeddable":true,"href":"https:\/\/www.ifmarinvast.se\/orientering\/wp-json\/wp\/v2\/comments?post=1391"}],"version-history":[{"count":1,"href":"https:\/\/www.ifmarinvast.se\/orientering\/wp-json\/wp\/v2\/posts\/1391\/revisions"}],"predecessor-version":[{"id":2015,"href":"https:\/\/www.ifmarinvast.se\/orientering\/wp-json\/wp\/v2\/posts\/1391\/revisions\/2015"}],"wp:attachment":[{"href":"https:\/\/www.ifmarinvast.se\/orientering\/wp-json\/wp\/v2\/media?parent=1391"}],"wp:term":[{"taxonomy":"category","embeddable":true,"href":"https:\/\/www.ifmarinvast.se\/orientering\/wp-json\/wp\/v2\/categories?post=1391"},{"taxonomy":"post_tag","embeddable":true,"href":"https:\/\/www.ifmarinvast.se\/orientering\/wp-json\/wp\/v2\/tags?post=1391"}],"curies":[{"name":"wp","href":"https:\/\/api.w.org\/{rel}","templated":true}]}}