{"id":1386,"date":"2007-12-11T00:00:00","date_gmt":"2007-12-10T23:00:00","guid":{"rendered":"http:\/\/ifmarinvast.se\/2016\/innetraning-aven-i-var\/"},"modified":"2015-10-11T14:39:24","modified_gmt":"2015-10-11T12:39:24","slug":"innetraning-aven-i-var","status":"publish","type":"post","link":"https:\/\/www.ifmarinvast.se\/orientering\/innetraning-aven-i-var\/","title":{"rendered":"Innetr\u00e4ning \u00e4ven i v\u00e5r"},"content":{"rendered":"<p>Passa p\u00e5 att vara med p\u00e5 h\u00f6stterminens sista innetr\u00e4ning i Hagenskolan imorgon 12 dec, kl 18-19.30.<\/p>\n<p><b>21 personer kom, vilket \u00e4r nytt rekord! Tack f\u00f6r i h\u00f6st, och v\u00e4lkomna tillbaka 9 januari!<\/b><\/p>\n<p>Efter juluppeh\u00e5llet forts\u00e4tter vi igen onsdagen den 9 januari, samma tid och plats!<\/p>\n","protected":false},"excerpt":{"rendered":"<p>Passa p\u00e5 att vara med p\u00e5 h\u00f6stterminens sista innetr\u00e4ning i Hagenskolan imorgon 12 dec, kl 18-19.30. 21 personer kom, vilket \u00e4r nytt rekord! Tack f\u00f6r i h\u00f6st, och v\u00e4lkomna tillbaka [&hellip;]<\/p>\n","protected":false},"author":2,"featured_media":0,"comment_status":"open","ping_status":"open","sticky":false,"template":"","format":"standard","meta":{"footnotes":""},"categories":[262,1],"tags":[],"class_list":["post-1386","post","type-post","status-publish","format-standard","hentry","category-nyheter","category-okategoriserade"],"_links":{"self":[{"href":"https:\/\/www.ifmarinvast.se\/orientering\/wp-json\/wp\/v2\/posts\/1386","targetHints":{"allow":["GET"]}}],"collection":[{"href":"https:\/\/www.ifmarinvast.se\/orientering\/wp-json\/wp\/v2\/posts"}],"about":[{"href":"https:\/\/www.ifmarinvast.se\/orientering\/wp-json\/wp\/v2\/types\/post"}],"author":[{"embeddable":true,"href":"https:\/\/www.ifmarinvast.se\/orientering\/wp-json\/wp\/v2\/users\/2"}],"replies":[{"embeddable":true,"href":"https:\/\/www.ifmarinvast.se\/orientering\/wp-json\/wp\/v2\/comments?post=1386"}],"version-history":[{"count":1,"href":"https:\/\/www.ifmarinvast.se\/orientering\/wp-json\/wp\/v2\/posts\/1386\/revisions"}],"predecessor-version":[{"id":2012,"href":"https:\/\/www.ifmarinvast.se\/orientering\/wp-json\/wp\/v2\/posts\/1386\/revisions\/2012"}],"wp:attachment":[{"href":"https:\/\/www.ifmarinvast.se\/orientering\/wp-json\/wp\/v2\/media?parent=1386"}],"wp:term":[{"taxonomy":"category","embeddable":true,"href":"https:\/\/www.ifmarinvast.se\/orientering\/wp-json\/wp\/v2\/categories?post=1386"},{"taxonomy":"post_tag","embeddable":true,"href":"https:\/\/www.ifmarinvast.se\/orientering\/wp-json\/wp\/v2\/tags?post=1386"}],"curies":[{"name":"wp","href":"https:\/\/api.w.org\/{rel}","templated":true}]}}