{"id":1385,"date":"2007-12-01T00:00:00","date_gmt":"2007-11-30T23:00:00","guid":{"rendered":"http:\/\/ifmarinvast.se\/2016\/innetraning\/"},"modified":"2015-10-11T14:39:24","modified_gmt":"2015-10-11T12:39:24","slug":"innetraning","status":"publish","type":"post","link":"https:\/\/www.ifmarinvast.se\/orientering\/innetraning\/","title":{"rendered":"Innetr\u00e4ning!"},"content":{"rendered":"<p>Tv\u00e5 tillf\u00e4llen kvar i h\u00f6st av innetr\u00e4ningarna f\u00f6r ungdomar och vuxna. Det har varit mycket folk hittills, s\u00e5 vi hoppas p\u00e5 en forts\u00e4ttning efter jullovet ox\u00e5!<\/p>\n<p>Tr\u00e4ningen \u00e4r som i fjol inriktad p\u00e5 att f\u00e5 tr\u00e4ffas, h\u00e5lla ig\u00e5ng och f\u00e5 lite styrketr\u00e4ning i v\u00e4ntan p\u00e5 n\u00e4sta orienteringss\u00e4song &#8211; v\u00e4lkomna!<\/p>\n<p><b>5 dec<br \/>12 dec<br \/>Hagenskolans gymnastiksal<br \/>onsdagar 18-19.30<\/b><\/p>\n<p>Ny dag, samma tid som i fjol. Mens sana in corpore sano! \ud83d\ude42<\/p>\n","protected":false},"excerpt":{"rendered":"<p>Tv\u00e5 tillf\u00e4llen kvar i h\u00f6st av innetr\u00e4ningarna f\u00f6r ungdomar och vuxna. Det har varit mycket folk hittills, s\u00e5 vi hoppas p\u00e5 en forts\u00e4ttning efter jullovet ox\u00e5! Tr\u00e4ningen \u00e4r som i [&hellip;]<\/p>\n","protected":false},"author":2,"featured_media":0,"comment_status":"open","ping_status":"open","sticky":false,"template":"","format":"standard","meta":{"footnotes":""},"categories":[262,1],"tags":[],"class_list":["post-1385","post","type-post","status-publish","format-standard","hentry","category-nyheter","category-okategoriserade"],"_links":{"self":[{"href":"https:\/\/www.ifmarinvast.se\/orientering\/wp-json\/wp\/v2\/posts\/1385","targetHints":{"allow":["GET"]}}],"collection":[{"href":"https:\/\/www.ifmarinvast.se\/orientering\/wp-json\/wp\/v2\/posts"}],"about":[{"href":"https:\/\/www.ifmarinvast.se\/orientering\/wp-json\/wp\/v2\/types\/post"}],"author":[{"embeddable":true,"href":"https:\/\/www.ifmarinvast.se\/orientering\/wp-json\/wp\/v2\/users\/2"}],"replies":[{"embeddable":true,"href":"https:\/\/www.ifmarinvast.se\/orientering\/wp-json\/wp\/v2\/comments?post=1385"}],"version-history":[{"count":1,"href":"https:\/\/www.ifmarinvast.se\/orientering\/wp-json\/wp\/v2\/posts\/1385\/revisions"}],"predecessor-version":[{"id":2011,"href":"https:\/\/www.ifmarinvast.se\/orientering\/wp-json\/wp\/v2\/posts\/1385\/revisions\/2011"}],"wp:attachment":[{"href":"https:\/\/www.ifmarinvast.se\/orientering\/wp-json\/wp\/v2\/media?parent=1385"}],"wp:term":[{"taxonomy":"category","embeddable":true,"href":"https:\/\/www.ifmarinvast.se\/orientering\/wp-json\/wp\/v2\/categories?post=1385"},{"taxonomy":"post_tag","embeddable":true,"href":"https:\/\/www.ifmarinvast.se\/orientering\/wp-json\/wp\/v2\/tags?post=1385"}],"curies":[{"name":"wp","href":"https:\/\/api.w.org\/{rel}","templated":true}]}}