{"id":1384,"date":"2007-11-24T00:00:00","date_gmt":"2007-11-23T23:00:00","guid":{"rendered":"http:\/\/ifmarinvast.se\/2016\/arets-marken-klara\/"},"modified":"2015-10-11T14:39:24","modified_gmt":"2015-10-11T12:39:24","slug":"arets-marken-klara","status":"publish","type":"post","link":"https:\/\/www.ifmarinvast.se\/orientering\/arets-marken-klara\/","title":{"rendered":"\u00c5rets m\u00e4rken klara!"},"content":{"rendered":"<p>Till h\u00f6stavslutningen idag presenterades resultaten f\u00f6r <b>\u00e5rets orienterarm\u00e4rken<\/b>. Grattis alla som har tagit sitt f\u00f6rsta m\u00e4rke, eller f\u00f6rb\u00e4ttrat sig sen i fjol!<\/p>\n<p>F\u00f6rhoppningsvis kan vi publicera resultaten h\u00e4r snart. M\u00e4rkena delades ut p\u00e5 innetr\u00e4ningen 071128. Staffan har resterande m\u00e4rken och KM-medaljer.<\/p>\n<p><b>2007 \u00e5rs vandringspris<\/b> gick till<br \/>ungdomspriset: Frida Thorsson<br \/>vuxenpriset: Linda Martinsson<\/p>\n<p>Grattis till oss! Vandringsprisen delas traditionellt ut p\u00e5 \u00e5rsm\u00f6tet i mars. Jag hoppas att n\u00e5gon av alla ni killar i klubben kan matcha oss b\u00e4ttre n\u00e4sta \u00e5r \ud83d\ude09 Bra jobbat, Frida!!<\/p>\n","protected":false},"excerpt":{"rendered":"<p>Till h\u00f6stavslutningen idag presenterades resultaten f\u00f6r \u00e5rets orienterarm\u00e4rken. Grattis alla som har tagit sitt f\u00f6rsta m\u00e4rke, eller f\u00f6rb\u00e4ttrat sig sen i fjol! F\u00f6rhoppningsvis kan vi publicera resultaten h\u00e4r snart. M\u00e4rkena [&hellip;]<\/p>\n","protected":false},"author":2,"featured_media":0,"comment_status":"open","ping_status":"open","sticky":false,"template":"","format":"standard","meta":{"footnotes":""},"categories":[262,1],"tags":[],"class_list":["post-1384","post","type-post","status-publish","format-standard","hentry","category-nyheter","category-okategoriserade"],"_links":{"self":[{"href":"https:\/\/www.ifmarinvast.se\/orientering\/wp-json\/wp\/v2\/posts\/1384","targetHints":{"allow":["GET"]}}],"collection":[{"href":"https:\/\/www.ifmarinvast.se\/orientering\/wp-json\/wp\/v2\/posts"}],"about":[{"href":"https:\/\/www.ifmarinvast.se\/orientering\/wp-json\/wp\/v2\/types\/post"}],"author":[{"embeddable":true,"href":"https:\/\/www.ifmarinvast.se\/orientering\/wp-json\/wp\/v2\/users\/2"}],"replies":[{"embeddable":true,"href":"https:\/\/www.ifmarinvast.se\/orientering\/wp-json\/wp\/v2\/comments?post=1384"}],"version-history":[{"count":1,"href":"https:\/\/www.ifmarinvast.se\/orientering\/wp-json\/wp\/v2\/posts\/1384\/revisions"}],"predecessor-version":[{"id":2010,"href":"https:\/\/www.ifmarinvast.se\/orientering\/wp-json\/wp\/v2\/posts\/1384\/revisions\/2010"}],"wp:attachment":[{"href":"https:\/\/www.ifmarinvast.se\/orientering\/wp-json\/wp\/v2\/media?parent=1384"}],"wp:term":[{"taxonomy":"category","embeddable":true,"href":"https:\/\/www.ifmarinvast.se\/orientering\/wp-json\/wp\/v2\/categories?post=1384"},{"taxonomy":"post_tag","embeddable":true,"href":"https:\/\/www.ifmarinvast.se\/orientering\/wp-json\/wp\/v2\/tags?post=1384"}],"curies":[{"name":"wp","href":"https:\/\/api.w.org\/{rel}","templated":true}]}}