{"id":1383,"date":"2007-11-19T00:00:00","date_gmt":"2007-11-18T23:00:00","guid":{"rendered":"http:\/\/ifmarinvast.se\/2016\/1283-innetraning\/"},"modified":"2015-10-11T14:39:24","modified_gmt":"2015-10-11T12:39:24","slug":"1283-innetraning","status":"publish","type":"post","link":"https:\/\/www.ifmarinvast.se\/orientering\/1283-innetraning\/","title":{"rendered":"Innetr\u00e4ning!"},"content":{"rendered":"<p>Nu p\u00e5 onsdag 21\/11 b\u00f6rjar vinterns innetr\u00e4ningar f\u00f6r ungdomar och vuxna. Tr\u00e4ningen \u00e4r som i fjol inriktad p\u00e5 att f\u00e5 tr\u00e4ffas, h\u00e5lla ig\u00e5ng och f\u00e5 lite styrketr\u00e4ning i v\u00e4ntan p\u00e5 n\u00e4sta orienteringss\u00e4song &#8211; v\u00e4lkomna!<\/p>\n<p><b>Hagenskolans gymnastiksal<br \/>onsdagar 18-19.30<\/b><\/p>\n<p>Ny dag, samma tid som i fjol. Mens sana in corpore sano! \ud83d\ude42<\/p>\n","protected":false},"excerpt":{"rendered":"<p>Nu p\u00e5 onsdag 21\/11 b\u00f6rjar vinterns innetr\u00e4ningar f\u00f6r ungdomar och vuxna. Tr\u00e4ningen \u00e4r som i fjol inriktad p\u00e5 att f\u00e5 tr\u00e4ffas, h\u00e5lla ig\u00e5ng och f\u00e5 lite styrketr\u00e4ning i v\u00e4ntan p\u00e5 [&hellip;]<\/p>\n","protected":false},"author":2,"featured_media":0,"comment_status":"open","ping_status":"open","sticky":false,"template":"","format":"standard","meta":{"footnotes":""},"categories":[262,1],"tags":[],"class_list":["post-1383","post","type-post","status-publish","format-standard","hentry","category-nyheter","category-okategoriserade"],"_links":{"self":[{"href":"https:\/\/www.ifmarinvast.se\/orientering\/wp-json\/wp\/v2\/posts\/1383","targetHints":{"allow":["GET"]}}],"collection":[{"href":"https:\/\/www.ifmarinvast.se\/orientering\/wp-json\/wp\/v2\/posts"}],"about":[{"href":"https:\/\/www.ifmarinvast.se\/orientering\/wp-json\/wp\/v2\/types\/post"}],"author":[{"embeddable":true,"href":"https:\/\/www.ifmarinvast.se\/orientering\/wp-json\/wp\/v2\/users\/2"}],"replies":[{"embeddable":true,"href":"https:\/\/www.ifmarinvast.se\/orientering\/wp-json\/wp\/v2\/comments?post=1383"}],"version-history":[{"count":1,"href":"https:\/\/www.ifmarinvast.se\/orientering\/wp-json\/wp\/v2\/posts\/1383\/revisions"}],"predecessor-version":[{"id":2009,"href":"https:\/\/www.ifmarinvast.se\/orientering\/wp-json\/wp\/v2\/posts\/1383\/revisions\/2009"}],"wp:attachment":[{"href":"https:\/\/www.ifmarinvast.se\/orientering\/wp-json\/wp\/v2\/media?parent=1383"}],"wp:term":[{"taxonomy":"category","embeddable":true,"href":"https:\/\/www.ifmarinvast.se\/orientering\/wp-json\/wp\/v2\/categories?post=1383"},{"taxonomy":"post_tag","embeddable":true,"href":"https:\/\/www.ifmarinvast.se\/orientering\/wp-json\/wp\/v2\/tags?post=1383"}],"curies":[{"name":"wp","href":"https:\/\/api.w.org\/{rel}","templated":true}]}}