{"id":1381,"date":"2007-11-16T00:00:00","date_gmt":"2007-11-15T23:00:00","guid":{"rendered":"http:\/\/ifmarinvast.se\/2016\/lyssna-pa-en-varldsmastare\/"},"modified":"2015-10-11T14:39:24","modified_gmt":"2015-10-11T12:39:24","slug":"lyssna-pa-en-varldsmastare","status":"publish","type":"post","link":"https:\/\/www.ifmarinvast.se\/orientering\/lyssna-pa-en-varldsmastare\/","title":{"rendered":"Lyssna p\u00e5 en v\u00e4rldsm\u00e4stare!"},"content":{"rendered":"<p>Elitkommitt\u00e9n i GOF har bjudit in den franske flerfaldige v\u00e4rldsm\u00e4staren och OL-teknikspecialisten Thierry Gueorgiou till att f\u00f6rel\u00e4sa och l\u00e4gga en tr\u00e4ning f\u00f6r G\u00f6teborgsorienterare. F\u00f6rel\u00e4sningen blir p\u00e5 engelska och teknikniv\u00e5n p\u00e5 tr\u00e4ningen l\u00e4ggs f\u00f6r elit, men alla som \u00e4r intresserade \u00e4r v\u00e4lkomna!<\/p>\n<p><b>S\u00f6ndagen 9 dec g\u00e4ller.<\/b> <br \/><a href='http:\/\/www.orienteringgoteborg.com\/files\/news\/inbjudan_till_071209.doc' target=_blank>Inbjudan>><\/a><br \/>Mer info och anm\u00e4lan finns\/kommer\/g\u00f6rs p\u00e5<br \/><a href='http:\/\/www.orienteringgoteborg.com\/news_more.php?news_id=301' target=_blank>GOF-sidan>><\/a><\/p>\n","protected":false},"excerpt":{"rendered":"<p>Elitkommitt\u00e9n i GOF har bjudit in den franske flerfaldige v\u00e4rldsm\u00e4staren och OL-teknikspecialisten Thierry Gueorgiou till att f\u00f6rel\u00e4sa och l\u00e4gga en tr\u00e4ning f\u00f6r G\u00f6teborgsorienterare. F\u00f6rel\u00e4sningen blir p\u00e5 engelska och teknikniv\u00e5n p\u00e5 [&hellip;]<\/p>\n","protected":false},"author":2,"featured_media":0,"comment_status":"open","ping_status":"open","sticky":false,"template":"","format":"standard","meta":{"footnotes":""},"categories":[262,1],"tags":[],"class_list":["post-1381","post","type-post","status-publish","format-standard","hentry","category-nyheter","category-okategoriserade"],"_links":{"self":[{"href":"https:\/\/www.ifmarinvast.se\/orientering\/wp-json\/wp\/v2\/posts\/1381","targetHints":{"allow":["GET"]}}],"collection":[{"href":"https:\/\/www.ifmarinvast.se\/orientering\/wp-json\/wp\/v2\/posts"}],"about":[{"href":"https:\/\/www.ifmarinvast.se\/orientering\/wp-json\/wp\/v2\/types\/post"}],"author":[{"embeddable":true,"href":"https:\/\/www.ifmarinvast.se\/orientering\/wp-json\/wp\/v2\/users\/2"}],"replies":[{"embeddable":true,"href":"https:\/\/www.ifmarinvast.se\/orientering\/wp-json\/wp\/v2\/comments?post=1381"}],"version-history":[{"count":1,"href":"https:\/\/www.ifmarinvast.se\/orientering\/wp-json\/wp\/v2\/posts\/1381\/revisions"}],"predecessor-version":[{"id":2007,"href":"https:\/\/www.ifmarinvast.se\/orientering\/wp-json\/wp\/v2\/posts\/1381\/revisions\/2007"}],"wp:attachment":[{"href":"https:\/\/www.ifmarinvast.se\/orientering\/wp-json\/wp\/v2\/media?parent=1381"}],"wp:term":[{"taxonomy":"category","embeddable":true,"href":"https:\/\/www.ifmarinvast.se\/orientering\/wp-json\/wp\/v2\/categories?post=1381"},{"taxonomy":"post_tag","embeddable":true,"href":"https:\/\/www.ifmarinvast.se\/orientering\/wp-json\/wp\/v2\/tags?post=1381"}],"curies":[{"name":"wp","href":"https:\/\/api.w.org\/{rel}","templated":true}]}}