{"id":1380,"date":"2007-11-11T00:00:00","date_gmt":"2007-11-10T23:00:00","guid":{"rendered":"http:\/\/ifmarinvast.se\/2016\/1280-hostavslutning\/"},"modified":"2015-10-11T14:39:24","modified_gmt":"2015-10-11T12:39:24","slug":"1280-hostavslutning","status":"publish","type":"post","link":"https:\/\/www.ifmarinvast.se\/orientering\/1280-hostavslutning\/","title":{"rendered":"H\u00f6stavslutning"},"content":{"rendered":"<p><b>Vad?<\/b>   H\u00f6stavslutning med resultat fr\u00e5n \u00e5ret som g\u00e5tt, och h\u00f6gtidlig prisutdelning av KM-plaketter<br \/><b>Vem?<\/b>   Alla, unga som gamla, i orienteringssektionen<br \/><b>N\u00e4r?<\/b>   L\u00f6rdagen 24 november kl 14.00<br \/><b>Var?<\/b>   Tr\u00e4ffpunktens samlingslokal, \u00d6 Sk\u00e4rvallsgatan.<\/p>\n<p>Vi hoppas att s\u00e5 m\u00e5nga som m\u00f6jligt kommer! Kerstin och Margareta kommer se till att det blir trevligt\u2026 H\u00f6r av er till sektionsledningen (orientering@ifmv.nu) om ni undrar \u00f6ver n\u00e5got!<\/p>\n<p><b>2008-planeringen<\/b><br \/>f\u00f6r IFMV kommer \u00e4ven den att h\u00e5llas den 24:e p\u00e5 Tr\u00e4ffpunkten. Mellan kl 10 och 14 har hela klubben konferens (och lunch) f\u00f6r att l\u00e4gga upp verksamheten f\u00f6r \u00e5r 2008. En del medlemmar ha kommit med synpunkter till medlemsm\u00f6tet f\u00f6r ett par veckor sedan, men alla som \u00e4r intresserade eller vill n\u00e5got speciellt \u00e4r hj\u00e4rtligt v\u00e4lkomna p\u00e5 m\u00f6tet f\u00f6re avslutningen. H\u00f6r av er till Staffan om ni vill vara med, s\u00e5 maten r\u00e4cker. Senast <\/b>tors 15\/11<\/b> vill han veta, f\u00f6r planeringens skull.<\/p>\n","protected":false},"excerpt":{"rendered":"<p>Vad? H\u00f6stavslutning med resultat fr\u00e5n \u00e5ret som g\u00e5tt, och h\u00f6gtidlig prisutdelning av KM-plaketterVem? Alla, unga som gamla, i orienteringssektionenN\u00e4r? L\u00f6rdagen 24 november kl 14.00Var? Tr\u00e4ffpunktens samlingslokal, \u00d6 Sk\u00e4rvallsgatan. Vi hoppas [&hellip;]<\/p>\n","protected":false},"author":2,"featured_media":0,"comment_status":"open","ping_status":"open","sticky":false,"template":"","format":"standard","meta":{"footnotes":""},"categories":[262,1],"tags":[],"class_list":["post-1380","post","type-post","status-publish","format-standard","hentry","category-nyheter","category-okategoriserade"],"_links":{"self":[{"href":"https:\/\/www.ifmarinvast.se\/orientering\/wp-json\/wp\/v2\/posts\/1380","targetHints":{"allow":["GET"]}}],"collection":[{"href":"https:\/\/www.ifmarinvast.se\/orientering\/wp-json\/wp\/v2\/posts"}],"about":[{"href":"https:\/\/www.ifmarinvast.se\/orientering\/wp-json\/wp\/v2\/types\/post"}],"author":[{"embeddable":true,"href":"https:\/\/www.ifmarinvast.se\/orientering\/wp-json\/wp\/v2\/users\/2"}],"replies":[{"embeddable":true,"href":"https:\/\/www.ifmarinvast.se\/orientering\/wp-json\/wp\/v2\/comments?post=1380"}],"version-history":[{"count":1,"href":"https:\/\/www.ifmarinvast.se\/orientering\/wp-json\/wp\/v2\/posts\/1380\/revisions"}],"predecessor-version":[{"id":2006,"href":"https:\/\/www.ifmarinvast.se\/orientering\/wp-json\/wp\/v2\/posts\/1380\/revisions\/2006"}],"wp:attachment":[{"href":"https:\/\/www.ifmarinvast.se\/orientering\/wp-json\/wp\/v2\/media?parent=1380"}],"wp:term":[{"taxonomy":"category","embeddable":true,"href":"https:\/\/www.ifmarinvast.se\/orientering\/wp-json\/wp\/v2\/categories?post=1380"},{"taxonomy":"post_tag","embeddable":true,"href":"https:\/\/www.ifmarinvast.se\/orientering\/wp-json\/wp\/v2\/tags?post=1380"}],"curies":[{"name":"wp","href":"https:\/\/api.w.org\/{rel}","templated":true}]}}