{"id":1371,"date":"2007-10-21T00:00:00","date_gmt":"2007-10-20T22:00:00","guid":{"rendered":"http:\/\/ifmarinvast.se\/2016\/ifmv-sprang-stafett\/"},"modified":"2015-10-11T14:39:25","modified_gmt":"2015-10-11T12:39:25","slug":"ifmv-sprang-stafett","status":"publish","type":"post","link":"https:\/\/www.ifmarinvast.se\/orientering\/ifmv-sprang-stafett\/","title":{"rendered":"IFMV sprang stafett!"},"content":{"rendered":"<p>I \u00e5rets upplaga av IFK-kavlen hade IFMV tre lag, varav tv\u00e5 ungdomslag, med. Kul att b\u00e5de ungdomar och \u00e4ldre v\u00e5gar testa p\u00e5 att springa stafett, vi kan nog ha fler lag n\u00e4sta \u00e5r! Ungdomslagen bestod av Christopher, Martin och Vidar i den \u00f6ppna propaganda-klassen samt av Fredrik, Carl och Felix i H36 (motsvarande H12). Bra jobbat, killar!<\/p>\n<p>Resultaten finns l\u00e4nkade till ifr\u00e5n T\u00e4vlingar-sidan i menyn till v\u00e4nster.<\/p>\n","protected":false},"excerpt":{"rendered":"<p>I \u00e5rets upplaga av IFK-kavlen hade IFMV tre lag, varav tv\u00e5 ungdomslag, med. Kul att b\u00e5de ungdomar och \u00e4ldre v\u00e5gar testa p\u00e5 att springa stafett, vi kan nog ha fler [&hellip;]<\/p>\n","protected":false},"author":2,"featured_media":0,"comment_status":"open","ping_status":"open","sticky":false,"template":"","format":"standard","meta":{"footnotes":""},"categories":[262,1],"tags":[],"class_list":["post-1371","post","type-post","status-publish","format-standard","hentry","category-nyheter","category-okategoriserade"],"_links":{"self":[{"href":"https:\/\/www.ifmarinvast.se\/orientering\/wp-json\/wp\/v2\/posts\/1371","targetHints":{"allow":["GET"]}}],"collection":[{"href":"https:\/\/www.ifmarinvast.se\/orientering\/wp-json\/wp\/v2\/posts"}],"about":[{"href":"https:\/\/www.ifmarinvast.se\/orientering\/wp-json\/wp\/v2\/types\/post"}],"author":[{"embeddable":true,"href":"https:\/\/www.ifmarinvast.se\/orientering\/wp-json\/wp\/v2\/users\/2"}],"replies":[{"embeddable":true,"href":"https:\/\/www.ifmarinvast.se\/orientering\/wp-json\/wp\/v2\/comments?post=1371"}],"version-history":[{"count":1,"href":"https:\/\/www.ifmarinvast.se\/orientering\/wp-json\/wp\/v2\/posts\/1371\/revisions"}],"predecessor-version":[{"id":2003,"href":"https:\/\/www.ifmarinvast.se\/orientering\/wp-json\/wp\/v2\/posts\/1371\/revisions\/2003"}],"wp:attachment":[{"href":"https:\/\/www.ifmarinvast.se\/orientering\/wp-json\/wp\/v2\/media?parent=1371"}],"wp:term":[{"taxonomy":"category","embeddable":true,"href":"https:\/\/www.ifmarinvast.se\/orientering\/wp-json\/wp\/v2\/categories?post=1371"},{"taxonomy":"post_tag","embeddable":true,"href":"https:\/\/www.ifmarinvast.se\/orientering\/wp-json\/wp\/v2\/tags?post=1371"}],"curies":[{"name":"wp","href":"https:\/\/api.w.org\/{rel}","templated":true}]}}