{"id":1368,"date":"2007-10-12T00:00:00","date_gmt":"2007-10-11T22:00:00","guid":{"rendered":"http:\/\/ifmarinvast.se\/2016\/natt-km\/"},"modified":"2015-10-11T14:39:36","modified_gmt":"2015-10-11T12:39:36","slug":"natt-km","status":"publish","type":"post","link":"https:\/\/www.ifmarinvast.se\/orientering\/natt-km\/","title":{"rendered":"Natt-KM"},"content":{"rendered":"<p>Torsdag kv\u00e4ll n\u00e4sta vecka (18 okt) har vi <b>Natt-KM<\/b>! Det inneb\u00e4r att det finns nattbanor f\u00f6r alla smaker och sv\u00e5righeter, servering och varm dusch efter\u00e5t, som IK Uven ordnar f\u00f6r oss i klubbsamarbetet.<\/p>\n<p>Inbjudan ligger i <a href='http:\/\/www.ifmv.nu\/ko\/index.asp?showid=id700'>kalendern<\/a>.<\/p>\n<p><a href='mailto:linda@ifmv.nu'>Anm\u00e4l er till mig>><\/a><br \/>senast s\u00f6n 14 okt!<\/p>\n<p>Om ni vill l\u00e5na pannlampa, meddela det vid anm\u00e4lan s\u00e5 f\u00e5r ni l\u00e5na fr\u00e5n klubben. Hoppas vi ses d\u00e4r!<\/p>\n","protected":false},"excerpt":{"rendered":"<p>Torsdag kv\u00e4ll n\u00e4sta vecka (18 okt) har vi Natt-KM! Det inneb\u00e4r att det finns nattbanor f\u00f6r alla smaker och sv\u00e5righeter, servering och varm dusch efter\u00e5t, som IK Uven ordnar f\u00f6r [&hellip;]<\/p>\n","protected":false},"author":2,"featured_media":0,"comment_status":"open","ping_status":"open","sticky":false,"template":"","format":"standard","meta":{"footnotes":""},"categories":[262,1],"tags":[],"class_list":["post-1368","post","type-post","status-publish","format-standard","hentry","category-nyheter","category-okategoriserade"],"_links":{"self":[{"href":"https:\/\/www.ifmarinvast.se\/orientering\/wp-json\/wp\/v2\/posts\/1368","targetHints":{"allow":["GET"]}}],"collection":[{"href":"https:\/\/www.ifmarinvast.se\/orientering\/wp-json\/wp\/v2\/posts"}],"about":[{"href":"https:\/\/www.ifmarinvast.se\/orientering\/wp-json\/wp\/v2\/types\/post"}],"author":[{"embeddable":true,"href":"https:\/\/www.ifmarinvast.se\/orientering\/wp-json\/wp\/v2\/users\/2"}],"replies":[{"embeddable":true,"href":"https:\/\/www.ifmarinvast.se\/orientering\/wp-json\/wp\/v2\/comments?post=1368"}],"version-history":[{"count":1,"href":"https:\/\/www.ifmarinvast.se\/orientering\/wp-json\/wp\/v2\/posts\/1368\/revisions"}],"predecessor-version":[{"id":3039,"href":"https:\/\/www.ifmarinvast.se\/orientering\/wp-json\/wp\/v2\/posts\/1368\/revisions\/3039"}],"wp:attachment":[{"href":"https:\/\/www.ifmarinvast.se\/orientering\/wp-json\/wp\/v2\/media?parent=1368"}],"wp:term":[{"taxonomy":"category","embeddable":true,"href":"https:\/\/www.ifmarinvast.se\/orientering\/wp-json\/wp\/v2\/categories?post=1368"},{"taxonomy":"post_tag","embeddable":true,"href":"https:\/\/www.ifmarinvast.se\/orientering\/wp-json\/wp\/v2\/tags?post=1368"}],"curies":[{"name":"wp","href":"https:\/\/api.w.org\/{rel}","templated":true}]}}