{"id":1367,"date":"2007-10-10T00:00:00","date_gmt":"2007-10-09T22:00:00","guid":{"rendered":"http:\/\/ifmarinvast.se\/2016\/klubbtavling-son-21-okt\/"},"modified":"2015-10-11T14:39:37","modified_gmt":"2015-10-11T12:39:37","slug":"klubbtavling-son-21-okt","status":"publish","type":"post","link":"https:\/\/www.ifmarinvast.se\/orientering\/klubbtavling-son-21-okt\/","title":{"rendered":"Klubbt\u00e4vling s\u00f6n 21 okt"},"content":{"rendered":"<p>Den sista &#8217;vanliga&#8217; t\u00e4vlingen f\u00f6r \u00e5ret \u00e4r GMOKs medledistans i Delsj\u00f6n s\u00f6ndagen den 21 oktober. T\u00e4vlingen \u00e4r satt som &#8217;klubbt\u00e4vling&#8217; f\u00f6r oss, s\u00e5 jag hoppas att s\u00e5 m\u00e5nga som m\u00f6jligt kommer!! Det brukar bli en fin h\u00f6stdag med t\u00e4vling p\u00e5 n\u00e4ra h\u00e5ll.<\/p>\n<p>L\u00e4s mer och anm\u00e4l er under T\u00e4vlingar >><\/p>\n","protected":false},"excerpt":{"rendered":"<p>Den sista &#8217;vanliga&#8217; t\u00e4vlingen f\u00f6r \u00e5ret \u00e4r GMOKs medledistans i Delsj\u00f6n s\u00f6ndagen den 21 oktober. T\u00e4vlingen \u00e4r satt som &#8217;klubbt\u00e4vling&#8217; f\u00f6r oss, s\u00e5 jag hoppas att s\u00e5 m\u00e5nga som m\u00f6jligt [&hellip;]<\/p>\n","protected":false},"author":2,"featured_media":0,"comment_status":"open","ping_status":"open","sticky":false,"template":"","format":"standard","meta":{"footnotes":""},"categories":[262,1],"tags":[],"class_list":["post-1367","post","type-post","status-publish","format-standard","hentry","category-nyheter","category-okategoriserade"],"_links":{"self":[{"href":"https:\/\/www.ifmarinvast.se\/orientering\/wp-json\/wp\/v2\/posts\/1367","targetHints":{"allow":["GET"]}}],"collection":[{"href":"https:\/\/www.ifmarinvast.se\/orientering\/wp-json\/wp\/v2\/posts"}],"about":[{"href":"https:\/\/www.ifmarinvast.se\/orientering\/wp-json\/wp\/v2\/types\/post"}],"author":[{"embeddable":true,"href":"https:\/\/www.ifmarinvast.se\/orientering\/wp-json\/wp\/v2\/users\/2"}],"replies":[{"embeddable":true,"href":"https:\/\/www.ifmarinvast.se\/orientering\/wp-json\/wp\/v2\/comments?post=1367"}],"version-history":[{"count":1,"href":"https:\/\/www.ifmarinvast.se\/orientering\/wp-json\/wp\/v2\/posts\/1367\/revisions"}],"predecessor-version":[{"id":3040,"href":"https:\/\/www.ifmarinvast.se\/orientering\/wp-json\/wp\/v2\/posts\/1367\/revisions\/3040"}],"wp:attachment":[{"href":"https:\/\/www.ifmarinvast.se\/orientering\/wp-json\/wp\/v2\/media?parent=1367"}],"wp:term":[{"taxonomy":"category","embeddable":true,"href":"https:\/\/www.ifmarinvast.se\/orientering\/wp-json\/wp\/v2\/categories?post=1367"},{"taxonomy":"post_tag","embeddable":true,"href":"https:\/\/www.ifmarinvast.se\/orientering\/wp-json\/wp\/v2\/tags?post=1367"}],"curies":[{"name":"wp","href":"https:\/\/api.w.org\/{rel}","templated":true}]}}