{"id":1364,"date":"2007-09-18T00:00:00","date_gmt":"2007-09-17T22:00:00","guid":{"rendered":"http:\/\/ifmarinvast.se\/2016\/torsdagstraning-nara\/"},"modified":"2015-10-11T14:39:37","modified_gmt":"2015-10-11T12:39:37","slug":"torsdagstraning-nara","status":"publish","type":"post","link":"https:\/\/www.ifmarinvast.se\/orientering\/torsdagstraning-nara\/","title":{"rendered":"Torsdagstr\u00e4ning n\u00e4ra!"},"content":{"rendered":"<p>Veckans torsdagstr\u00e4ning g\u00e5r i Sisj\u00f6terr\u00e4ngen, med samling vid Oxsj\u00f6ns parkering. V\u00e4gvisning fr\u00e5n \u00c5rek\u00e4rrsv\u00e4gen.<\/p>\n<p>Passa p\u00e5 att tr\u00e4na nu n\u00e4r det \u00e4r kort v\u00e4g dit!<\/p>\n","protected":false},"excerpt":{"rendered":"<p>Veckans torsdagstr\u00e4ning g\u00e5r i Sisj\u00f6terr\u00e4ngen, med samling vid Oxsj\u00f6ns parkering. V\u00e4gvisning fr\u00e5n \u00c5rek\u00e4rrsv\u00e4gen. Passa p\u00e5 att tr\u00e4na nu n\u00e4r det \u00e4r kort v\u00e4g dit!<\/p>\n","protected":false},"author":2,"featured_media":0,"comment_status":"open","ping_status":"open","sticky":false,"template":"","format":"standard","meta":{"footnotes":""},"categories":[262,1],"tags":[],"class_list":["post-1364","post","type-post","status-publish","format-standard","hentry","category-nyheter","category-okategoriserade"],"_links":{"self":[{"href":"https:\/\/www.ifmarinvast.se\/orientering\/wp-json\/wp\/v2\/posts\/1364","targetHints":{"allow":["GET"]}}],"collection":[{"href":"https:\/\/www.ifmarinvast.se\/orientering\/wp-json\/wp\/v2\/posts"}],"about":[{"href":"https:\/\/www.ifmarinvast.se\/orientering\/wp-json\/wp\/v2\/types\/post"}],"author":[{"embeddable":true,"href":"https:\/\/www.ifmarinvast.se\/orientering\/wp-json\/wp\/v2\/users\/2"}],"replies":[{"embeddable":true,"href":"https:\/\/www.ifmarinvast.se\/orientering\/wp-json\/wp\/v2\/comments?post=1364"}],"version-history":[{"count":1,"href":"https:\/\/www.ifmarinvast.se\/orientering\/wp-json\/wp\/v2\/posts\/1364\/revisions"}],"predecessor-version":[{"id":2000,"href":"https:\/\/www.ifmarinvast.se\/orientering\/wp-json\/wp\/v2\/posts\/1364\/revisions\/2000"}],"wp:attachment":[{"href":"https:\/\/www.ifmarinvast.se\/orientering\/wp-json\/wp\/v2\/media?parent=1364"}],"wp:term":[{"taxonomy":"category","embeddable":true,"href":"https:\/\/www.ifmarinvast.se\/orientering\/wp-json\/wp\/v2\/categories?post=1364"},{"taxonomy":"post_tag","embeddable":true,"href":"https:\/\/www.ifmarinvast.se\/orientering\/wp-json\/wp\/v2\/tags?post=1364"}],"curies":[{"name":"wp","href":"https:\/\/api.w.org\/{rel}","templated":true}]}}