{"id":1362,"date":"2007-09-09T00:00:00","date_gmt":"2007-09-08T22:00:00","guid":{"rendered":"http:\/\/ifmarinvast.se\/2016\/lager-pa-kanso-for-vuxna-och-ungdomar\/"},"modified":"2015-10-11T14:39:37","modified_gmt":"2015-10-11T12:39:37","slug":"lager-pa-kanso-for-vuxna-och-ungdomar","status":"publish","type":"post","link":"https:\/\/www.ifmarinvast.se\/orientering\/lager-pa-kanso-for-vuxna-och-ungdomar\/","title":{"rendered":"L\u00e4ger p\u00e5 K\u00e4ns\u00f6 f\u00f6r vuxna och ungdomar"},"content":{"rendered":"<p>\u00c5rets tr\u00e4ningsl\u00e4ger v\u00e4nder sig till b\u00e5de vuxna och ungdomar och genomf\u00f6rs 14-16 september (fredag kv\u00e4ll \u2013 s\u00f6ndag middag). Vi kommer att vara p\u00e5 K\u00e4ns\u00f6, d\u00e4r vi \u00f6vernattar tv\u00e5 dygn i befintliga kaserner. Kostnad f\u00f6r l\u00e4gret \u00e4r 200 kr och d\u00e5 ing\u00e5r alla logi- och matkostnader samt transporten till K\u00e4ns\u00f6. Ytterligare information om bl a tider meddelas de som anm\u00e4lt sig n\u00e5gra dagar f\u00f6re avf\u00e4rd.<\/p>\n<p>Det kommer att bli olika typer av orienteringsaktiviteter (natt och dag), bad, lekar, korvgrillning vid l\u00e4gereld m m. Tag vara p\u00e5 detta tillf\u00e4lle att f\u00e5 tillbringa n\u00e5gra underbara dygn p\u00e5 en av sk\u00e4rg\u00e5rdens vackraste \u00f6ar.<\/p>\n<p>H\u00f6r av er om ni har n\u00e5gra fr\u00e5gor!<\/p>\n","protected":false},"excerpt":{"rendered":"<p>\u00c5rets tr\u00e4ningsl\u00e4ger v\u00e4nder sig till b\u00e5de vuxna och ungdomar och genomf\u00f6rs 14-16 september (fredag kv\u00e4ll \u2013 s\u00f6ndag middag). Vi kommer att vara p\u00e5 K\u00e4ns\u00f6, d\u00e4r vi \u00f6vernattar tv\u00e5 dygn i [&hellip;]<\/p>\n","protected":false},"author":2,"featured_media":0,"comment_status":"open","ping_status":"open","sticky":false,"template":"","format":"standard","meta":{"footnotes":""},"categories":[262,1],"tags":[],"class_list":["post-1362","post","type-post","status-publish","format-standard","hentry","category-nyheter","category-okategoriserade"],"_links":{"self":[{"href":"https:\/\/www.ifmarinvast.se\/orientering\/wp-json\/wp\/v2\/posts\/1362","targetHints":{"allow":["GET"]}}],"collection":[{"href":"https:\/\/www.ifmarinvast.se\/orientering\/wp-json\/wp\/v2\/posts"}],"about":[{"href":"https:\/\/www.ifmarinvast.se\/orientering\/wp-json\/wp\/v2\/types\/post"}],"author":[{"embeddable":true,"href":"https:\/\/www.ifmarinvast.se\/orientering\/wp-json\/wp\/v2\/users\/2"}],"replies":[{"embeddable":true,"href":"https:\/\/www.ifmarinvast.se\/orientering\/wp-json\/wp\/v2\/comments?post=1362"}],"version-history":[{"count":1,"href":"https:\/\/www.ifmarinvast.se\/orientering\/wp-json\/wp\/v2\/posts\/1362\/revisions"}],"predecessor-version":[{"id":1999,"href":"https:\/\/www.ifmarinvast.se\/orientering\/wp-json\/wp\/v2\/posts\/1362\/revisions\/1999"}],"wp:attachment":[{"href":"https:\/\/www.ifmarinvast.se\/orientering\/wp-json\/wp\/v2\/media?parent=1362"}],"wp:term":[{"taxonomy":"category","embeddable":true,"href":"https:\/\/www.ifmarinvast.se\/orientering\/wp-json\/wp\/v2\/categories?post=1362"},{"taxonomy":"post_tag","embeddable":true,"href":"https:\/\/www.ifmarinvast.se\/orientering\/wp-json\/wp\/v2\/tags?post=1362"}],"curies":[{"name":"wp","href":"https:\/\/api.w.org\/{rel}","templated":true}]}}