{"id":1361,"date":"2007-09-07T00:00:00","date_gmt":"2007-09-06T22:00:00","guid":{"rendered":"http:\/\/ifmarinvast.se\/2016\/tavlingskalendern-hjalpligt-uppdaterad\/"},"modified":"2015-10-11T14:39:37","modified_gmt":"2015-10-11T12:39:37","slug":"tavlingskalendern-hjalpligt-uppdaterad","status":"publish","type":"post","link":"https:\/\/www.ifmarinvast.se\/orientering\/tavlingskalendern-hjalpligt-uppdaterad\/","title":{"rendered":"T\u00e4vlingskalendern hj\u00e4lpligt uppdaterad"},"content":{"rendered":"<p>Nu har jag lagt in t\u00e4vlingar f\u00f6r resten av h\u00f6sten i v\u00e5r t\u00e4vlingskalender h\u00e4r p\u00e5 hemsidan. Planera s\u00e4rskilt in <b>klubbt\u00e4vlingen<\/b> GMOKs medeldistans den 21 oktober!<\/p>\n<p>Det h\u00e4r \u00e5ret har jag inte hunnit uppdatera kalendern s\u00e5 bra som jag har velat. Om n\u00e5gon f\u00f6r\u00e4lder eller ungdomsl\u00f6pare kan hj\u00e4lpa till vore jag j\u00e4tteglad &#8211; <a href='mailto:linda@ifmv.nu'>h\u00f6r av er!<\/a> Det \u00e4r inte sv\u00e5rt och tar inte l\u00e5ng tid, men det \u00e4r bra om n\u00e5gon kan ge det 10 minuter varje vecka och inte som jag var tredje m\u00e5nad \ud83d\ude09<\/p>\n","protected":false},"excerpt":{"rendered":"<p>Nu har jag lagt in t\u00e4vlingar f\u00f6r resten av h\u00f6sten i v\u00e5r t\u00e4vlingskalender h\u00e4r p\u00e5 hemsidan. Planera s\u00e4rskilt in klubbt\u00e4vlingen GMOKs medeldistans den 21 oktober! Det h\u00e4r \u00e5ret har jag [&hellip;]<\/p>\n","protected":false},"author":2,"featured_media":0,"comment_status":"open","ping_status":"open","sticky":false,"template":"","format":"standard","meta":{"footnotes":""},"categories":[262,1],"tags":[],"class_list":["post-1361","post","type-post","status-publish","format-standard","hentry","category-nyheter","category-okategoriserade"],"_links":{"self":[{"href":"https:\/\/www.ifmarinvast.se\/orientering\/wp-json\/wp\/v2\/posts\/1361","targetHints":{"allow":["GET"]}}],"collection":[{"href":"https:\/\/www.ifmarinvast.se\/orientering\/wp-json\/wp\/v2\/posts"}],"about":[{"href":"https:\/\/www.ifmarinvast.se\/orientering\/wp-json\/wp\/v2\/types\/post"}],"author":[{"embeddable":true,"href":"https:\/\/www.ifmarinvast.se\/orientering\/wp-json\/wp\/v2\/users\/2"}],"replies":[{"embeddable":true,"href":"https:\/\/www.ifmarinvast.se\/orientering\/wp-json\/wp\/v2\/comments?post=1361"}],"version-history":[{"count":1,"href":"https:\/\/www.ifmarinvast.se\/orientering\/wp-json\/wp\/v2\/posts\/1361\/revisions"}],"predecessor-version":[{"id":3042,"href":"https:\/\/www.ifmarinvast.se\/orientering\/wp-json\/wp\/v2\/posts\/1361\/revisions\/3042"}],"wp:attachment":[{"href":"https:\/\/www.ifmarinvast.se\/orientering\/wp-json\/wp\/v2\/media?parent=1361"}],"wp:term":[{"taxonomy":"category","embeddable":true,"href":"https:\/\/www.ifmarinvast.se\/orientering\/wp-json\/wp\/v2\/categories?post=1361"},{"taxonomy":"post_tag","embeddable":true,"href":"https:\/\/www.ifmarinvast.se\/orientering\/wp-json\/wp\/v2\/tags?post=1361"}],"curies":[{"name":"wp","href":"https:\/\/api.w.org\/{rel}","templated":true}]}}